{"id":7774,"date":"2018-10-30T14:03:24","date_gmt":"2018-10-30T12:03:24","guid":{"rendered":"http:\/\/international-mwbk.de\/?p=7774"},"modified":"2023-03-01T15:36:03","modified_gmt":"2023-03-01T13:36:03","slug":"die-letzte-woche-in-wien","status":"publish","type":"post","link":"https:\/\/international-mwbk.de\/?p=7774","title":{"rendered":"Die letzte Woche in Wien"},"content":{"rendered":"<p>Gr\u00fc\u00dft euch!<\/p>\n<p>Nun hat bei mir auch schon die letzte Woche begonnen. Nat\u00fcrlich m\u00f6chte ich euch einige Eindr\u00fccke meines Wochenendes nicht vorenthalten und habe euch weitere Bilder hinzugef\u00fcgt \ud83d\ude42 Die restlichen Tage m\u00f6chte ich auf jeden Fall noch genie\u00dfen.<\/p>\n<p>Gestern habe ich an der Pr\u00e4sentation vom Own Business Day weitergearbeitet und einige Daten hinzugef\u00fcgt. Im Anschluss bin ich die Pr\u00e4sentation mit einer Kollegin durchgegangen und habe die \u00c4nderungen ausgebessert. <em>(Die Pr\u00e4sentation hat einige Folien, daher arbeite ich auch einige Zeit an dieser Pr\u00e4sentation)<\/em><\/p>\n<p>Heute ist mein vorletzter Arbeitstag, da am Donnerstag auch hier ein Feiertag ist und ich am Freitag schon wieder fliege. Meine Aufgabe heute war es die Pr\u00e4sentation nach einer Kontrolle mit meiner Kollegin zu bearbeiten, da einige Bilder oder Daten noch ausgetauscht, Folien gel\u00f6scht und einige Daten noch bei Kollegen angefragt werden sollten. Nachdem alle \u00c4nderungen vorgenommen wurden, habe ich die Pr\u00e4sentation Final meiner Kollegin gezeigt. Zum vorletzten Arbeitstag hier in \u00d6sterreich habe ich meinen Kollegen noch eine Kleinigkeit mitgebracht um Danke f\u00fcr die tolle Zeit zu sagen. Am Ende meines Arbeitstages habe ich die Ordnerstruktur f\u00fcr die Produktionsabteilung 2019 am Computer erstellt. Dabei musste ich die Ordner von 2018 kopieren und die Dateien herausnehmen, da diese f\u00fcr 2019 nicht ben\u00f6tigt werden.<\/p>\n<p>Zur Digitalisierung sind mir keine weiteren Unterschiede oder Gemeinsamkeiten aufgefallen es \u00e4hnelt sehr den deutschen Arbeitsabl\u00e4ufen. Lediglich einige Computerprogramme wie ich euch schon in meinen Beitr\u00e4gen geschrieben habe sind Unterschiedlich. Da ich andere Aufgabenbereiche habe als in Deutschland konnte ich keinen direkten Vergleich meiner Aufgaben beobachten. Wir nutzen dieselben Kommunikationswege wie zum Beispiel E-Mail oder Telefon. Das Fax wird weder in \u00d6sterreich noch in Deutschland benutzt.<\/p>\n<p>Ich werde mich am Freitag das letzte Mal aus Wien melden und euch von meinem letzten Arbeitstag berichten.<\/p>\n<p>Bis Freitag<\/p>\n<p>Alina<\/p>\n<p><a href=\"http:\/\/international-mwbk.de\/wp-content\/uploads\/2018\/10\/Gloriette.jpg\"><img fetchpriority=\"high\" decoding=\"async\" class=\"alignnone size-medium wp-image-7775\" src=\"http:\/\/international-mwbk.de\/wp-content\/uploads\/2018\/10\/Gloriette-225x300.jpg\" alt=\"\" width=\"225\" height=\"300\" srcset=\"https:\/\/international-mwbk.de\/wp-content\/uploads\/2018\/10\/Gloriette-225x300.jpg 225w, https:\/\/international-mwbk.de\/wp-content\/uploads\/2018\/10\/Gloriette-768x1024.jpg 768w, https:\/\/international-mwbk.de\/wp-content\/uploads\/2018\/10\/Gloriette-624x832.jpg 624w\" sizes=\"(max-width: 225px) 100vw, 225px\" \/><\/a><a href=\"http:\/\/international-mwbk.de\/wp-content\/uploads\/2018\/10\/Schloss-Sch\u00f6nbrunn.jpg\"><img decoding=\"async\" class=\"alignnone size-medium wp-image-7776\" src=\"http:\/\/international-mwbk.de\/wp-content\/uploads\/2018\/10\/Schloss-Sch\u00f6nbrunn-300x178.jpg\" alt=\"\" width=\"300\" height=\"178\" srcset=\"https:\/\/international-mwbk.de\/wp-content\/uploads\/2018\/10\/Schloss-Sch\u00f6nbrunn-300x178.jpg 300w, https:\/\/international-mwbk.de\/wp-content\/uploads\/2018\/10\/Schloss-Sch\u00f6nbrunn-768x456.jpg 768w, https:\/\/international-mwbk.de\/wp-content\/uploads\/2018\/10\/Schloss-Sch\u00f6nbrunn-1024x608.jpg 1024w, https:\/\/international-mwbk.de\/wp-content\/uploads\/2018\/10\/Schloss-Sch\u00f6nbrunn-624x370.jpg 624w\" sizes=\"(max-width: 300px) 100vw, 300px\" \/><\/a><\/p>\n","protected":false},"excerpt":{"rendered":"<p>Gr\u00fc\u00dft euch! Nun hat bei mir auch schon die letzte Woche begonnen. Nat\u00fcrlich m\u00f6chte ich euch einige Eindr\u00fccke meines Wochenendes nicht vorenthalten und habe euch weitere Bilder hinzugef\u00fcgt \ud83d\ude42 Die restlichen Tage m\u00f6chte ich auf jeden Fall noch genie\u00dfen. Gestern habe ich an der Pr\u00e4sentation vom Own Business Day weitergearbeitet und einige Daten hinzugef\u00fcgt. Im [&hellip;]<\/p>\n","protected":false},"author":217,"featured_media":0,"comment_status":"open","ping_status":"open","sticky":false,"template":"","format":"standard","meta":{"footnotes":""},"categories":[1],"tags":[25],"_links":{"self":[{"href":"https:\/\/international-mwbk.de\/index.php?rest_route=\/wp\/v2\/posts\/7774"}],"collection":[{"href":"https:\/\/international-mwbk.de\/index.php?rest_route=\/wp\/v2\/posts"}],"about":[{"href":"https:\/\/international-mwbk.de\/index.php?rest_route=\/wp\/v2\/types\/post"}],"author":[{"embeddable":true,"href":"https:\/\/international-mwbk.de\/index.php?rest_route=\/wp\/v2\/users\/217"}],"replies":[{"embeddable":true,"href":"https:\/\/international-mwbk.de\/index.php?rest_route=%2Fwp%2Fv2%2Fcomments&post=7774"}],"version-history":[{"count":3,"href":"https:\/\/international-mwbk.de\/index.php?rest_route=\/wp\/v2\/posts\/7774\/revisions"}],"predecessor-version":[{"id":7779,"href":"https:\/\/international-mwbk.de\/index.php?rest_route=\/wp\/v2\/posts\/7774\/revisions\/7779"}],"wp:attachment":[{"href":"https:\/\/international-mwbk.de\/index.php?rest_route=%2Fwp%2Fv2%2Fmedia&parent=7774"}],"wp:term":[{"taxonomy":"category","embeddable":true,"href":"https:\/\/international-mwbk.de\/index.php?rest_route=%2Fwp%2Fv2%2Fcategories&post=7774"},{"taxonomy":"post_tag","embeddable":true,"href":"https:\/\/international-mwbk.de\/index.php?rest_route=%2Fwp%2Fv2%2Ftags&post=7774"}],"curies":[{"name":"wp","href":"https:\/\/api.w.org\/{rel}","templated":true}]}}