{"id":5887,"date":"2017-06-25T16:25:02","date_gmt":"2017-06-25T14:25:02","guid":{"rendered":"http:\/\/international-mwbk.de\/?p=5887"},"modified":"2023-03-12T23:01:23","modified_gmt":"2023-03-12T21:01:23","slug":"bald-ist-es-so-weit-kribbeln-im-bauch","status":"publish","type":"post","link":"https:\/\/international-mwbk.de\/?p=5887","title":{"rendered":"Bald ist es so weit &#8211; kribbeln im Bauch"},"content":{"rendered":"<p>Hi Leute,<\/p>\n<p>bald ist es auch f\u00fcr mich so weit und ich werde bald ein Auslandspraktikum in Spanien machen. Ich habe mich daf\u00fcr entschieden,\u00a0da ich gerne die Zusatzqualifikation IMA haben m\u00f6chte und weil man durch so ein Auslandspraktikum nur reicher an Erfahrungen werden kann.<\/p>\n<p>Ich bin schon sehr gespannt wie meine Zeit in Spanien sein wird und was ich dort alles erleben werde. Ich w\u00fcnsche mir von meinem Auslandspraktikum, dass ich genug Arbeit bekomme und dass ich sehr viele kulturelle Erfahrungen sammelen kann. Genauso w\u00fcnsche ich mir, dass auch die Freizeit f\u00fcr mir sch\u00f6n sein wird und ich auch viele neue Leute kennenlernen kann. Au\u00dferdem erhoffe ich mir, meine spanisch Kenntnisse dort zu verbessern.<\/p>\n<p>Ich nehme mir vor, dass ich w\u00e4hrend des Auslandspraktikums weiterhin offen anderen gegen\u00fcber bin und viel neues dazu lerne. Wie gesagt: man kann ja nur reicher werden :b<\/p>\n<p>Die Vorbereitung lief bei mir nicht so super, da &#8222;Huf Spanien&#8220; sehr viele Dokumente haben wollte, die wir hier in Deutschland so nicht haben. Es war gegen Ende sehr nervig, da sie sich nie richtig ausgedr\u00fcckt haben und viele erste Entw\u00fcrfe f\u00fcr die Tonne waren&#8230; Naja was solls, es kann ja nur noch besser werden!<\/p>\n<p>Ich freu mich auf jeden Fall schon unglaublich auf die Zeit in Spanien und hab schon Bauchkribbeln vor Vorfreude!!!<\/p>\n<p>Bis dann<\/p>\n<p>Mascha \ud83d\ude42<\/p>\n<p>&nbsp;<\/p>\n","protected":false},"excerpt":{"rendered":"<p>Hi Leute, bald ist es auch f\u00fcr mich so weit und ich werde bald ein Auslandspraktikum in Spanien machen. Ich habe mich daf\u00fcr entschieden,\u00a0da ich gerne die Zusatzqualifikation IMA haben m\u00f6chte und weil man durch so ein Auslandspraktikum nur reicher an Erfahrungen werden kann. Ich bin schon sehr gespannt wie meine Zeit in Spanien sein [&hellip;]<\/p>\n","protected":false},"author":165,"featured_media":0,"comment_status":"open","ping_status":"open","sticky":false,"template":"","format":"standard","meta":{"footnotes":""},"categories":[1],"tags":[63],"_links":{"self":[{"href":"https:\/\/international-mwbk.de\/index.php?rest_route=\/wp\/v2\/posts\/5887"}],"collection":[{"href":"https:\/\/international-mwbk.de\/index.php?rest_route=\/wp\/v2\/posts"}],"about":[{"href":"https:\/\/international-mwbk.de\/index.php?rest_route=\/wp\/v2\/types\/post"}],"author":[{"embeddable":true,"href":"https:\/\/international-mwbk.de\/index.php?rest_route=\/wp\/v2\/users\/165"}],"replies":[{"embeddable":true,"href":"https:\/\/international-mwbk.de\/index.php?rest_route=%2Fwp%2Fv2%2Fcomments&post=5887"}],"version-history":[{"count":2,"href":"https:\/\/international-mwbk.de\/index.php?rest_route=\/wp\/v2\/posts\/5887\/revisions"}],"predecessor-version":[{"id":5893,"href":"https:\/\/international-mwbk.de\/index.php?rest_route=\/wp\/v2\/posts\/5887\/revisions\/5893"}],"wp:attachment":[{"href":"https:\/\/international-mwbk.de\/index.php?rest_route=%2Fwp%2Fv2%2Fmedia&parent=5887"}],"wp:term":[{"taxonomy":"category","embeddable":true,"href":"https:\/\/international-mwbk.de\/index.php?rest_route=%2Fwp%2Fv2%2Fcategories&post=5887"},{"taxonomy":"post_tag","embeddable":true,"href":"https:\/\/international-mwbk.de\/index.php?rest_route=%2Fwp%2Fv2%2Ftags&post=5887"}],"curies":[{"name":"wp","href":"https:\/\/api.w.org\/{rel}","templated":true}]}}