{"id":5886,"date":"2017-06-25T16:33:03","date_gmt":"2017-06-25T14:33:03","guid":{"rendered":"http:\/\/international-mwbk.de\/?p=5886"},"modified":"2023-03-12T23:01:24","modified_gmt":"2023-03-12T21:01:24","slug":"die-ersten-schritte-fuer-das-auslandspraktikum-in-arnedo","status":"publish","type":"post","link":"https:\/\/international-mwbk.de\/?p=5886","title":{"rendered":"Die ersten Schritte f\u00fcr das Auslandspraktikum in Arnedo"},"content":{"rendered":"<p>Hallo zusammen,<\/p>\n<p>in einigen Tagen ist es soweit. Ich werde vom 29.07.-26.08.2017 mein Auslandspraktikum in Spanien absolvieren und bin schon richtig aufgeregt.<\/p>\n<p>Ich mache dieses Auslandspraktikum, weil ich gerne andere Kulturen kennenlernen m\u00f6chte und sehr gerne mit Menschen in meiner Umgebung lebe.<\/p>\n<p>Von meinem Auslandspraktikum in Spanien erhoffe ich mir, dass mir in diesem kurzen Zeitraum viel beigebracht wird und viel gezeigt wird. Au\u00dferdem w\u00e4re es f\u00fcr mich wichtig, dass ich einzelne Prozesse selbstst\u00e4ndig bew\u00e4ltigen kann um mein Potenzial den Mitarbeitern gegen\u00fcber zu zeigen.<\/p>\n<p>F\u00fcr mein Auslandspraktikum nehme ich mir vor, weiterhin eine sehr offene aber auch sehr energische, selbstst\u00e4ndige und p\u00fcnktliche Person zu sein.<\/p>\n<p>Meine Vorbereitung f\u00fcr das kommende Auslandspraktikum lief reibungslos ab und es kam zu keinen Schwierigkeiten. Die Fl\u00fcge und das Hotel wurden schnell gefunden und sind in unmittelbarer N\u00e4he zum Betrieb.<\/p>\n<p>Ich bin schon sehr gespannt was mich erwarten wird, aber ich werde euch auf dem laufenden halten.<\/p>\n<p>Yannik<\/p>\n","protected":false},"excerpt":{"rendered":"<p>Hallo zusammen, in einigen Tagen ist es soweit. Ich werde vom 29.07.-26.08.2017 mein Auslandspraktikum in Spanien absolvieren und bin schon richtig aufgeregt. Ich mache dieses Auslandspraktikum, weil ich gerne andere Kulturen kennenlernen m\u00f6chte und sehr gerne mit Menschen in meiner Umgebung lebe. Von meinem Auslandspraktikum in Spanien erhoffe ich mir, dass mir in diesem kurzen [&hellip;]<\/p>\n","protected":false},"author":164,"featured_media":0,"comment_status":"open","ping_status":"open","sticky":false,"template":"","format":"standard","meta":{"footnotes":""},"categories":[1],"tags":[63],"_links":{"self":[{"href":"https:\/\/international-mwbk.de\/index.php?rest_route=\/wp\/v2\/posts\/5886"}],"collection":[{"href":"https:\/\/international-mwbk.de\/index.php?rest_route=\/wp\/v2\/posts"}],"about":[{"href":"https:\/\/international-mwbk.de\/index.php?rest_route=\/wp\/v2\/types\/post"}],"author":[{"embeddable":true,"href":"https:\/\/international-mwbk.de\/index.php?rest_route=\/wp\/v2\/users\/164"}],"replies":[{"embeddable":true,"href":"https:\/\/international-mwbk.de\/index.php?rest_route=%2Fwp%2Fv2%2Fcomments&post=5886"}],"version-history":[{"count":4,"href":"https:\/\/international-mwbk.de\/index.php?rest_route=\/wp\/v2\/posts\/5886\/revisions"}],"predecessor-version":[{"id":5892,"href":"https:\/\/international-mwbk.de\/index.php?rest_route=\/wp\/v2\/posts\/5886\/revisions\/5892"}],"wp:attachment":[{"href":"https:\/\/international-mwbk.de\/index.php?rest_route=%2Fwp%2Fv2%2Fmedia&parent=5886"}],"wp:term":[{"taxonomy":"category","embeddable":true,"href":"https:\/\/international-mwbk.de\/index.php?rest_route=%2Fwp%2Fv2%2Fcategories&post=5886"},{"taxonomy":"post_tag","embeddable":true,"href":"https:\/\/international-mwbk.de\/index.php?rest_route=%2Fwp%2Fv2%2Ftags&post=5886"}],"curies":[{"name":"wp","href":"https:\/\/api.w.org\/{rel}","templated":true}]}}