{"id":4093,"date":"2016-04-04T22:44:01","date_gmt":"2016-04-04T20:44:01","guid":{"rendered":"http:\/\/international-mwbk.de\/?p=4093"},"modified":"2023-03-13T11:52:02","modified_gmt":"2023-03-13T10:52:02","slug":"4093","status":"publish","type":"post","link":"https:\/\/international-mwbk.de\/?p=4093","title":{"rendered":"El comienzo de la semana!"},"content":{"rendered":"<p>Es ist Montag und die Arbeitswoche hat wieder begonnen. Auf der Insel, ist f\u00fcr mich die H\u00e4lfte rum. Heute habe ich viele Vertr\u00e4ge, die wir im M\u00e4rz abgeschlossen haben, bearbeitet indem ich Ordner erstellt habe und &nbsp;vieles einzelner Vertr\u00e4ge eingespannt habe. Nach Palma bin ich heute auch gefahren. Dort bringen wir Autos zur\u00fcck, die wir reparieren in der Werkstatt und dort wieder als &#8222;Rent a car&#8220; benutzt werden k\u00f6nnen. Dann habe ich begonnen Lieferscheine zu Rechnungen zu zuordnen und sie danach im System weiter bearbeitet. Mittlerweile f\u00e4llt es mir immer leichter auch den mallorquinischen Dialekt zu verstehen, was anfangs f\u00fcr mich eher schwierig war. Mit den englisch haben es die Spanier nicht so, bis auf mein Chef, der perfekt spanisch sowie englisch sprechen kann. Dennoch gibt es keinerlei Schwierigkeiten uns zu verstehen. Am meisten gef\u00e4llt mir aber die Gastfreundlichkeit die ich hier jeden morgen wieder aufs neue bewundere. Sobald man jemanden \u00fcber den Weg l\u00e4uft wird man mit einem freundlichen &#8222;hola, que Tal&#8220; begr\u00fc\u00dft. Die Arbeitszeit gef\u00e4llt mir ebenfalls. Mittags kann man in Ruhe sein Mittag essen und die Sonnen genie\u00dfen. Allerdings ist d\u00f6se Arbeitszeit in Deutschland weniger m\u00f6glich, da viele aus anderen St\u00e4dten kommen und f\u00fcr Ihre Arbeitsstelle Kilometer zur\u00fccklegen. Hier ist das anders, in dem Unternehmen gibt es keinen pausenraum oder eine K\u00fcche, mittags f\u00e4hrt wirklich JEDER nach Hause. Nach meinem Gef\u00fchl her, geht die Arbeitszeit so auch viel schneller rum, allerdings hat man nicht mehr viel vom Nachmittag.<\/p>\n<p>Am Wochenende war ich in Palma und habe abends am ballermann vorbei geschaut um unter Leute zu kommen. Am Strand war es tags\u00fcber echt angenehm und der Ausblick war bezaubernd.<\/p>\n<p>Ich bin froh, dass es mir erm\u00f6glicht wurde mit dem Auto die Insel erkundigen zu k\u00f6nnen, die Stadt Inca selbst hat leider nicht all zu viel zu bieten ..<\/p>\n","protected":false},"excerpt":{"rendered":"<p>Es ist Montag und die Arbeitswoche hat wieder begonnen. Auf der Insel, ist f\u00fcr mich die H\u00e4lfte rum. Heute habe ich viele Vertr\u00e4ge, die wir im M\u00e4rz abgeschlossen haben, bearbeitet indem ich Ordner erstellt habe und &nbsp;vieles einzelner Vertr\u00e4ge eingespannt habe. Nach Palma bin ich heute auch gefahren. Dort bringen wir Autos zur\u00fcck, die wir [&hellip;]<\/p>\n","protected":false},"author":113,"featured_media":0,"comment_status":"open","ping_status":"open","sticky":false,"template":"","format":"standard","meta":{"footnotes":""},"categories":[1],"tags":[63],"_links":{"self":[{"href":"https:\/\/international-mwbk.de\/index.php?rest_route=\/wp\/v2\/posts\/4093"}],"collection":[{"href":"https:\/\/international-mwbk.de\/index.php?rest_route=\/wp\/v2\/posts"}],"about":[{"href":"https:\/\/international-mwbk.de\/index.php?rest_route=\/wp\/v2\/types\/post"}],"author":[{"embeddable":true,"href":"https:\/\/international-mwbk.de\/index.php?rest_route=\/wp\/v2\/users\/113"}],"replies":[{"embeddable":true,"href":"https:\/\/international-mwbk.de\/index.php?rest_route=%2Fwp%2Fv2%2Fcomments&post=4093"}],"version-history":[{"count":2,"href":"https:\/\/international-mwbk.de\/index.php?rest_route=\/wp\/v2\/posts\/4093\/revisions"}],"predecessor-version":[{"id":4095,"href":"https:\/\/international-mwbk.de\/index.php?rest_route=\/wp\/v2\/posts\/4093\/revisions\/4095"}],"wp:attachment":[{"href":"https:\/\/international-mwbk.de\/index.php?rest_route=%2Fwp%2Fv2%2Fmedia&parent=4093"}],"wp:term":[{"taxonomy":"category","embeddable":true,"href":"https:\/\/international-mwbk.de\/index.php?rest_route=%2Fwp%2Fv2%2Fcategories&post=4093"},{"taxonomy":"post_tag","embeddable":true,"href":"https:\/\/international-mwbk.de\/index.php?rest_route=%2Fwp%2Fv2%2Ftags&post=4093"}],"curies":[{"name":"wp","href":"https:\/\/api.w.org\/{rel}","templated":true}]}}