{"id":3697,"date":"2016-03-15T21:43:32","date_gmt":"2016-03-15T20:43:32","guid":{"rendered":"http:\/\/international-mwbk.de\/?p=3697"},"modified":"2023-03-13T13:17:17","modified_gmt":"2023-03-13T12:17:17","slug":"mein-7-arbeitstag-2","status":"publish","type":"post","link":"https:\/\/international-mwbk.de\/?p=3697","title":{"rendered":"Mein 7. Arbeitstag"},"content":{"rendered":"<p>Guten Abend \ud83d\ude00<\/p>\n<p>heute begann mein Tag damit, dass ich erst einmal wieder in der Damenabteilung Staub gewischt habe.<\/p>\n<p>Danach bin ich in das Gesch\u00e4ft R2 gegangen, welches ein Tochterunternehmen vom Modehaus Roth ist.<\/p>\n<p>Dort habe ich Ware ausg<a href=\"http:\/\/international-mwbk.de\/wp-content\/uploads\/2016\/03\/image77-e1458065824356.jpg\"><img fetchpriority=\"high\" decoding=\"async\" class=\" size-medium wp-image-3688 alignleft\" src=\"http:\/\/international-mwbk.de\/wp-content\/uploads\/2016\/03\/image77-e1458065824356-300x224.jpg\" alt=\"image\" width=\"300\" height=\"224\" srcset=\"https:\/\/international-mwbk.de\/wp-content\/uploads\/2016\/03\/image77-e1458065824356-300x224.jpg 300w, https:\/\/international-mwbk.de\/wp-content\/uploads\/2016\/03\/image77-e1458065824356-1024x765.jpg 1024w, https:\/\/international-mwbk.de\/wp-content\/uploads\/2016\/03\/image77-e1458065824356-624x466.jpg 624w\" sizes=\"(max-width: 300px) 100vw, 300px\" \/><\/a>epackt, gez\u00e4hlt und anschlie\u00dfend auf gehangen und gesichert. Die Ware wurde dann unter dem Sortiment farblich eingeordnet und auf gehangen.<\/p>\n<p><a href=\"http:\/\/international-mwbk.de\/wp-content\/uploads\/2016\/03\/image78-e1458065887495.jpg\"><img decoding=\"async\" class=\" size-medium wp-image-3689 alignleft\" src=\"http:\/\/international-mwbk.de\/wp-content\/uploads\/2016\/03\/image78-e1458065887495-224x300.jpg\" alt=\"image\" width=\"224\" height=\"300\" srcset=\"https:\/\/international-mwbk.de\/wp-content\/uploads\/2016\/03\/image78-e1458065887495-224x300.jpg 224w, https:\/\/international-mwbk.de\/wp-content\/uploads\/2016\/03\/image78-e1458065887495-765x1024.jpg 765w, https:\/\/international-mwbk.de\/wp-content\/uploads\/2016\/03\/image78-e1458065887495-624x835.jpg 624w, https:\/\/international-mwbk.de\/wp-content\/uploads\/2016\/03\/image78-e1458065887495.jpg 1936w\" sizes=\"(max-width: 224px) 100vw, 224px\" \/><\/a><\/p>\n<p>&nbsp;<\/p>\n<p>&nbsp;<\/p>\n<p>R2 ist kleiner als das Modehaus Roth, aber sie haben auch teilweise Ware, die es im Modehaus gibt,aber auch andere Marken wie z.B. Only, die es im Modehaus nicht so gibt.<\/p>\n<p>&nbsp;<\/p>\n<p>&nbsp;<\/p>\n<p><a href=\"http:\/\/international-mwbk.de\/wp-content\/uploads\/2016\/03\/image80-e1458066039237.jpg\"><img decoding=\"async\" class=\" size-medium wp-image-3692 alignleft\" src=\"http:\/\/international-mwbk.de\/wp-content\/uploads\/2016\/03\/image80-e1458066039237-300x224.jpg\" alt=\"image\" width=\"300\" height=\"224\" srcset=\"https:\/\/international-mwbk.de\/wp-content\/uploads\/2016\/03\/image80-e1458066039237-300x224.jpg 300w, https:\/\/international-mwbk.de\/wp-content\/uploads\/2016\/03\/image80-e1458066039237-1024x765.jpg 1024w, https:\/\/international-mwbk.de\/wp-content\/uploads\/2016\/03\/image80-e1458066039237-624x466.jpg 624w\" sizes=\"(max-width: 300px) 100vw, 300px\" \/><\/a><\/p>\n<p>&nbsp;<\/p>\n<p>Hier z.B. edc was wir auch im Modehaus Roth verkaufen \ud83d\ude42<\/p>\n<p>&nbsp;<\/p>\n<p>&nbsp;<\/p>\n<p>&nbsp;<\/p>\n<p>Als ich mit Ware auspacken und aufh\u00e4ngen fertig war, bin ich wieder zur\u00fcck ins Modehaus Roth gegangen und wir haben uns mit dem Chef vom Modehaus Roth zusammen gesetzt und er hat uns ein paar Informationen zum Unternehmen erz\u00e4hlt.<\/p>\n<p>Aber davon mehr in meinem n\u00e4chsten Beitrag \ud83d\ude00<\/p>\n<p>Bis bald \u00a0\ud83d\ude42<\/p>\n<p>Laura<\/p>\n","protected":false},"excerpt":{"rendered":"<p>Guten Abend \ud83d\ude00 heute begann mein Tag damit, dass ich erst einmal wieder in der Damenabteilung Staub gewischt habe. Danach bin ich in das Gesch\u00e4ft R2 gegangen, welches ein Tochterunternehmen vom Modehaus Roth ist. Dort habe ich Ware ausgepackt, gez\u00e4hlt und anschlie\u00dfend auf gehangen und gesichert. Die Ware wurde dann unter dem Sortiment farblich eingeordnet [&hellip;]<\/p>\n","protected":false},"author":105,"featured_media":0,"comment_status":"open","ping_status":"open","sticky":false,"template":"","format":"standard","meta":{"footnotes":""},"categories":[1],"tags":[63],"_links":{"self":[{"href":"https:\/\/international-mwbk.de\/index.php?rest_route=\/wp\/v2\/posts\/3697"}],"collection":[{"href":"https:\/\/international-mwbk.de\/index.php?rest_route=\/wp\/v2\/posts"}],"about":[{"href":"https:\/\/international-mwbk.de\/index.php?rest_route=\/wp\/v2\/types\/post"}],"author":[{"embeddable":true,"href":"https:\/\/international-mwbk.de\/index.php?rest_route=\/wp\/v2\/users\/105"}],"replies":[{"embeddable":true,"href":"https:\/\/international-mwbk.de\/index.php?rest_route=%2Fwp%2Fv2%2Fcomments&post=3697"}],"version-history":[{"count":2,"href":"https:\/\/international-mwbk.de\/index.php?rest_route=\/wp\/v2\/posts\/3697\/revisions"}],"predecessor-version":[{"id":3716,"href":"https:\/\/international-mwbk.de\/index.php?rest_route=\/wp\/v2\/posts\/3697\/revisions\/3716"}],"wp:attachment":[{"href":"https:\/\/international-mwbk.de\/index.php?rest_route=%2Fwp%2Fv2%2Fmedia&parent=3697"}],"wp:term":[{"taxonomy":"category","embeddable":true,"href":"https:\/\/international-mwbk.de\/index.php?rest_route=%2Fwp%2Fv2%2Fcategories&post=3697"},{"taxonomy":"post_tag","embeddable":true,"href":"https:\/\/international-mwbk.de\/index.php?rest_route=%2Fwp%2Fv2%2Ftags&post=3697"}],"curies":[{"name":"wp","href":"https:\/\/api.w.org\/{rel}","templated":true}]}}