{"id":3100,"date":"2015-11-26T20:54:05","date_gmt":"2015-11-26T19:54:05","guid":{"rendered":"http:\/\/international-mwbk.de\/?p=3100"},"modified":"2023-03-13T13:30:51","modified_gmt":"2023-03-13T12:30:51","slug":"herzlichen-glueckwunsch-zum-auslandspraktikum","status":"publish","type":"post","link":"https:\/\/international-mwbk.de\/?p=3100","title":{"rendered":"Herzlichen Gl\u00fcckwunsch zum Auslandspraktikum!"},"content":{"rendered":"<p><a href=\"http:\/\/international-mwbk.de\/wp-content\/uploads\/2015\/11\/thumb_IMG_8700_1024.jpg\"><img decoding=\"async\" class=\"alignleft size-thumbnail wp-image-3102\" src=\"http:\/\/international-mwbk.de\/wp-content\/uploads\/2015\/11\/thumb_IMG_8700_1024-150x150.jpg\" alt=\"thumb_IMG_8700_1024\" width=\"150\" height=\"150\" \/><\/a>Wir freuen uns sehr, dass im M\u00e4rz 2016 sieben Sch\u00fclerinnen und Sch\u00fcler der zweij\u00e4hrigen Berufsfachschule Ihr Betriebspraktikum im Ausland machen werden. Ganz sicher wird dies eine aufregende, spannende und lehrreiche Zeit f\u00fcr Ihre pers\u00f6nliches und berufliches Leben.<\/p>\n<p>Wir gratulieren:<\/p>\n<ol>\n<li><strong><span style=\"color: #0000ff;\">Azeddine<\/span><\/strong> zum Auslandspraktikum in den Niederlanden (Velp\/Arnheim)<\/li>\n<li><strong><span style=\"color: #0000ff;\">Daniel<\/span><\/strong> zum Auslandspraktikum in den Niederlanden (Velp\/Arnheim)<\/li>\n<li><span style=\"color: #0000ff;\"><b>Fabienne<\/b><\/span> zum Auslandspraktikum in den Niederlanden (Velp\/Arnheim)<\/li>\n<li><strong><span style=\"color: #0000ff;\">Kalina<\/span><\/strong> zum Auslandspraktikum in Burgas (Bulgarien)<\/li>\n<li><strong><span style=\"color: #0000ff;\">Laura<\/span><\/strong> zum Auslandspraktikum in \u00d6sterreich (Hartberg)<\/li>\n<li><strong><span style=\"color: #0000ff;\">L\u00e9onie<\/span><\/strong> zum Auslandspraktikum in \u00d6sterreich (Hartberg)<\/li>\n<li><strong><span style=\"color: #0000ff;\">Vanessa<\/span><\/strong> zum Auslandspraktikum in der T\u00fcrkei (Tekirdag)<\/li>\n<\/ol>\n<p>&nbsp;<\/p>\n<p>Wir waren und sind von Ihrem Einsatz und Ihrem Engagement begeistert!<\/p>\n<p>Nun kann es los gehen: Reisplanungen, Praktikumsvereinbarungen und interkulturelle sowie sprachliche Vorbereitungen. Selbstverst\u00e4ndlich werden wir Sie auch dabei weiter unterst\u00fctzen.<\/p>\n<p>Das Team &#8222;Auslandspraktikum&#8220; der zweij\u00e4hrigen Berufsfachschule<\/p>\n","protected":false},"excerpt":{"rendered":"<p>Wir freuen uns sehr, dass im M\u00e4rz 2016 sieben Sch\u00fclerinnen und Sch\u00fcler der zweij\u00e4hrigen Berufsfachschule Ihr Betriebspraktikum im Ausland machen werden. Ganz sicher wird dies eine aufregende, spannende und lehrreiche Zeit f\u00fcr Ihre pers\u00f6nliches und berufliches Leben. Wir gratulieren: Azeddine zum Auslandspraktikum in den Niederlanden (Velp\/Arnheim) Daniel zum Auslandspraktikum in den Niederlanden (Velp\/Arnheim) Fabienne zum [&hellip;]<\/p>\n","protected":false},"author":3,"featured_media":0,"comment_status":"open","ping_status":"open","sticky":false,"template":"","format":"standard","meta":{"footnotes":""},"categories":[1],"tags":[],"_links":{"self":[{"href":"https:\/\/international-mwbk.de\/index.php?rest_route=\/wp\/v2\/posts\/3100"}],"collection":[{"href":"https:\/\/international-mwbk.de\/index.php?rest_route=\/wp\/v2\/posts"}],"about":[{"href":"https:\/\/international-mwbk.de\/index.php?rest_route=\/wp\/v2\/types\/post"}],"author":[{"embeddable":true,"href":"https:\/\/international-mwbk.de\/index.php?rest_route=\/wp\/v2\/users\/3"}],"replies":[{"embeddable":true,"href":"https:\/\/international-mwbk.de\/index.php?rest_route=%2Fwp%2Fv2%2Fcomments&post=3100"}],"version-history":[{"count":6,"href":"https:\/\/international-mwbk.de\/index.php?rest_route=\/wp\/v2\/posts\/3100\/revisions"}],"predecessor-version":[{"id":3249,"href":"https:\/\/international-mwbk.de\/index.php?rest_route=\/wp\/v2\/posts\/3100\/revisions\/3249"}],"wp:attachment":[{"href":"https:\/\/international-mwbk.de\/index.php?rest_route=%2Fwp%2Fv2%2Fmedia&parent=3100"}],"wp:term":[{"taxonomy":"category","embeddable":true,"href":"https:\/\/international-mwbk.de\/index.php?rest_route=%2Fwp%2Fv2%2Fcategories&post=3100"},{"taxonomy":"post_tag","embeddable":true,"href":"https:\/\/international-mwbk.de\/index.php?rest_route=%2Fwp%2Fv2%2Ftags&post=3100"}],"curies":[{"name":"wp","href":"https:\/\/api.w.org\/{rel}","templated":true}]}}