{"id":14333,"date":"2025-10-27T09:38:03","date_gmt":"2025-10-27T08:38:03","guid":{"rendered":"https:\/\/international-mwbk.de\/?p=14333"},"modified":"2025-10-27T09:41:41","modified_gmt":"2025-10-27T08:41:41","slug":"waehrend-der-mobilitaet-2-2-praktikum-in-apeldoorn-2","status":"publish","type":"post","link":"https:\/\/international-mwbk.de\/?p=14333","title":{"rendered":"W\u00e4hrend der Mobilit\u00e4t (2\/2) Woche 2 &#8211; Praktikum in Apeldoorn"},"content":{"rendered":"\n<p>Hallo zusammen mal wieder,<\/p>\n\n\n\n<p>hier noch ein bisschen mehr zu meiner zweiten Praktikumswoche aus Apeldoorn.<\/p>\n\n\n\n<p>Wie schon in dem letzten Blog-Post erw\u00e4hnt, war ich eine (kleine) Unterst\u00fctzung f\u00fcr die Kollegen bzw. die Kollegin bei der Repr\u00e4sentation von CESnederlands bei dem Internationalem Treffen.<\/p>\n\n\n\n<p>Ein Kollege und eine Kollegin aus der Arbeit hatten sich vorgenommen mir Deventer zu zeigen, da sie meinten, dass es sich hierbei um eine sehr sch\u00f6ne alte Stadt handelt und ich auch ein bisschen von den Niederlanden zu sehen bekommen soll.<\/p>\n\n\n\n<p>Hierf\u00fcr sind wir donnerstags Nachmittags erstmal nach der Arbeit schnell zu einer Kollegin gefahren, die ihren Hund erst noch raus lassen musste um dann weiter nach Deventer zu fahren. <br>Wir haben auf der anderen Flussseite geparkt und sind mit einem kleinen Boot\/Schiff r\u00fcbergefahren und haben die Stadt ein wenig erkundet. Leider hat es extrem stark geregnet und es war auch noch ein Fu\u00dfballspiel am Abend, sodass wir uns ein Restaurant ein wenig au\u00dferhalb ausgesucht haben, falls es zu Randalen oder \u00e4hnlichem kommen sollte. <br>Ich kann sagen, dass Deventer wirklich sch\u00f6n ist und ich gerne nochmal wieder dorthin fahren m\u00f6chte, dann aber im Sommer, wenn das Wetter besser ist, um die Stadt wirklich zu sehen und die Zeit wirklich genie\u00dfen zu k\u00f6nnen.<\/p>\n\n\n\n<p>Als Dankesch\u00f6n f\u00fcr die Unterst\u00fctzung bei dem Internationalen Treffen wurden wir drei von der Gesch\u00e4ftsleitung von CESnederlands zum Essen eingeladen. Ich finde das ist wirklich eine sehr nette Wertsch\u00e4tzung und auf gar keinen Fall eine Selbstverst\u00e4ndlichkeit! Ich habe nichts erwartet, da ich gerne hier bin und helfe, wo ich nur kann!<\/p>\n\n\n\n<p>Auch habe ich einer anderen Kollegin noch geholfen bei Problemen mit der \u00dcbertragung von Auftr\u00e4gen in Zusammenarbeit bzw. unter der Anleitung eines Kollegen aus Deutschland. Das hat mir nochmal gezeigt, wie wichtig es ist, einer Verbindung zwischen den verschiedenen Standorten zu haben und wie wichtig es ist, sich verst\u00e4ndigen zu k\u00f6nnen. Auch wurde hierbei deutlich, dass es gut ist, dass wir in Deutschland w\u00e4hrend unserer Ausbildung die verschiedenen Abteilungen durchlaufen und somit eigentlich fast immer wissen, an wen wir uns bei Problemen wenden m\u00fcssen und dann auch Hilfe bekommen.<\/p>\n\n\n\n<p>Ansonsten habe ich die Zeit hier genossen, an meiner Brosch\u00fcre gearbeitet, denn das Sammeln und \u00fcbersetzen der Informationen und \u00e4hnlichem kostet einen doch mehr Zeit als man denkt. Also w\u00fcrde ich sagen, habe ich meinem Kollegen doch schon etwas an Arbeit abgenommen und er kann jetzt die finalen Anpassungen bzw. Ver\u00e4nderungen auf Basis meiner Grundlade vornehmen.<\/p>\n\n\n\n<p>Das Wochenende habe ich auch in Vaassen verbracht, wo mein Airbnb ist.<br>Leider lag ich am Samstag komplett flach und hatte den ganzen Tag \u00fcber Kopfschmerzen und war super m\u00fcde. <br>Am Sonntag dagegen, habe ich mich schon etwas besser gef\u00fchlt und habe mir vorgenommen, nochmal kleinere Eink\u00e4ufe zu machen, denn die Lebensmittelgesch\u00e4fte hier haben sogar sonntags auf.<\/p>\n\n\n\n<p>Auch hatte mir eine Kollegin von einem kleinen &#8222;Herbst-Markt&#8220; erz\u00e4hlt an einem kleinen &#8222;Schloss&#8220; das nicht weit weg (ca. 30 Minuten zu Fu\u00df) von mir ist.<br>Den habe ich dann auf meinem Weg zum einkaufen auch besucht, da dieser auf dem Weg lag. <br>Man kann auf jeden Fall sagen, dass es keine gute Idee war zu Fu\u00df zu laufen, da an der Stra\u00dfe, die ich lang musste, Gehwege nicht wirklich existieren und wenn dann v\u00f6llig matschig und voller Bl\u00e4tter waren. Ich verstehe also, warum hier auch mehr Fahrrad gefahren wird und nicht viele Leute zu Fu\u00df unterwegs sind.<br>Der Markt war gar nicht so klein wie ich dachte und auch recht niedlich. Ich habe eine Runde gedreht und bin dann auch schon weiter gegangen, da man leider sagen muss, alleine so einen Markt zu besuchen, doch nicht so viel Spa\u00df macht wie zu zweit oder als Gruppe. Trotzdem war es sch\u00f6n mal raus zukommen und ein bisschen was gesehen zu haben. <br>Auch tat mir der Spaziergang ganz gut und ich konnte einige Schritte sammeln, da mir der Ausgleich zum Alltag mit meinem Sport doch schon fehlt.<\/p>\n\n\n\n<p>Insgesamt kann man sagen, dass ich mich hier wohl f\u00fchle und mich trotzdem schon sehr auf zu Hause freue! Denn zu Hause ist halt einfach zu Hause.<br>Aber die Erfahrungen ist bis jetzt immer noch toll und ich bin froh, in den Niederlanden sein zu k\u00f6nnen und wieder etwas neues zu lernen!<\/p>\n\n\n\n<p>Liebe Gr\u00fc\u00dfe<br>Sarah<\/p>\n\n\n\n<p><\/p>\n","protected":false},"excerpt":{"rendered":"<p>Hallo zusammen mal wieder, hier noch ein bisschen mehr zu meiner zweiten Praktikumswoche aus Apeldoorn. Wie schon in dem letzten Blog-Post erw\u00e4hnt, war ich eine (kleine) Unterst\u00fctzung f\u00fcr die Kollegen bzw. die Kollegin bei der Repr\u00e4sentation von CESnederlands bei dem Internationalem Treffen. Ein Kollege und eine Kollegin aus der Arbeit hatten sich vorgenommen mir Deventer [&hellip;]<\/p>\n","protected":false},"author":406,"featured_media":0,"comment_status":"open","ping_status":"open","sticky":false,"template":"","format":"standard","meta":{"footnotes":""},"categories":[1],"tags":[79],"_links":{"self":[{"href":"https:\/\/international-mwbk.de\/index.php?rest_route=\/wp\/v2\/posts\/14333"}],"collection":[{"href":"https:\/\/international-mwbk.de\/index.php?rest_route=\/wp\/v2\/posts"}],"about":[{"href":"https:\/\/international-mwbk.de\/index.php?rest_route=\/wp\/v2\/types\/post"}],"author":[{"embeddable":true,"href":"https:\/\/international-mwbk.de\/index.php?rest_route=\/wp\/v2\/users\/406"}],"replies":[{"embeddable":true,"href":"https:\/\/international-mwbk.de\/index.php?rest_route=%2Fwp%2Fv2%2Fcomments&post=14333"}],"version-history":[{"count":2,"href":"https:\/\/international-mwbk.de\/index.php?rest_route=\/wp\/v2\/posts\/14333\/revisions"}],"predecessor-version":[{"id":14338,"href":"https:\/\/international-mwbk.de\/index.php?rest_route=\/wp\/v2\/posts\/14333\/revisions\/14338"}],"wp:attachment":[{"href":"https:\/\/international-mwbk.de\/index.php?rest_route=%2Fwp%2Fv2%2Fmedia&parent=14333"}],"wp:term":[{"taxonomy":"category","embeddable":true,"href":"https:\/\/international-mwbk.de\/index.php?rest_route=%2Fwp%2Fv2%2Fcategories&post=14333"},{"taxonomy":"post_tag","embeddable":true,"href":"https:\/\/international-mwbk.de\/index.php?rest_route=%2Fwp%2Fv2%2Ftags&post=14333"}],"curies":[{"name":"wp","href":"https:\/\/api.w.org\/{rel}","templated":true}]}}