{"id":14183,"date":"2025-08-12T14:07:06","date_gmt":"2025-08-12T12:07:06","guid":{"rendered":"https:\/\/international-mwbk.de\/?p=14183"},"modified":"2025-08-12T14:07:06","modified_gmt":"2025-08-12T12:07:06","slug":"2-waehrend-der-mobilitaet-woche-4-1-2","status":"publish","type":"post","link":"https:\/\/international-mwbk.de\/?p=14183","title":{"rendered":"2. W\u00e4hrend der Mobilit\u00e4t (Woche 4, 1\/2)"},"content":{"rendered":"\n<p>Die letzte Woche habe ich eingeleitet mit einer sehr langen Wanderung, was wirklich erholsam war, wenn man morgens schon um 7 Uhr mit der Seilbahn auf ca. 2000m hochf\u00e4hrt und dann den Gipfel ansteuert. \ud83d\ude42 <br><br>Aber ein kleines Bisschen an Traurigkeit kommt schon so langsam hoch. Das Klima ist wirklich toll hier in Italien und die Arbeit macht super viel Spa\u00df.<br>Ich durfte jetzt sogar anfangen, den Instagram-Account mit zu gestalten und die Posts daf\u00fcr zu designen. Auch habe ich jetzt schon &#8222;meine&#8220; Stammkunden; also Familien, die schon ziemlich lange hier in Scena im Urlaub sind und wirklich jeden Abend vorbeikommen. Dadurch f\u00fchrt man wirklich sch\u00f6ne Gespr\u00e4che. <br><br>Auf dem Weg Richtung Gipfel fiel mir \u00fcbrigens etwas auf: Weder auf dem Berg noch auf den Wegen noch auf der Alm findet man M\u00fcll. Alles ist super sauber und die Leute, die auf den B\u00e4nken pausieren mit ihrem eigenen Essen, nehmen den M\u00fcll auch wieder mit. Das ist wirklich sehr beachtlich. <\/p>\n\n\n\n<p>Gestern war ich beim Minigolf und die Anlage hat mich wirklich sprachlos gemacht. So eine saubere, gepflegte Anlage habe ich noch nie gesehen. Hier in S\u00fcdtirol achtet man wirklich sehr auf die Sauberkeit und Nachhaltigkeit. <\/p>\n","protected":false},"excerpt":{"rendered":"<p>Die letzte Woche habe ich eingeleitet mit einer sehr langen Wanderung, was wirklich erholsam war, wenn man morgens schon um 7 Uhr mit der Seilbahn auf ca. 2000m hochf\u00e4hrt und dann den Gipfel ansteuert. \ud83d\ude42 Aber ein kleines Bisschen an Traurigkeit kommt schon so langsam hoch. Das Klima ist wirklich toll hier in Italien und [&hellip;]<\/p>\n","protected":false},"author":400,"featured_media":0,"comment_status":"open","ping_status":"open","sticky":false,"template":"","format":"standard","meta":{"footnotes":""},"categories":[1],"tags":[79],"_links":{"self":[{"href":"https:\/\/international-mwbk.de\/index.php?rest_route=\/wp\/v2\/posts\/14183"}],"collection":[{"href":"https:\/\/international-mwbk.de\/index.php?rest_route=\/wp\/v2\/posts"}],"about":[{"href":"https:\/\/international-mwbk.de\/index.php?rest_route=\/wp\/v2\/types\/post"}],"author":[{"embeddable":true,"href":"https:\/\/international-mwbk.de\/index.php?rest_route=\/wp\/v2\/users\/400"}],"replies":[{"embeddable":true,"href":"https:\/\/international-mwbk.de\/index.php?rest_route=%2Fwp%2Fv2%2Fcomments&post=14183"}],"version-history":[{"count":1,"href":"https:\/\/international-mwbk.de\/index.php?rest_route=\/wp\/v2\/posts\/14183\/revisions"}],"predecessor-version":[{"id":14184,"href":"https:\/\/international-mwbk.de\/index.php?rest_route=\/wp\/v2\/posts\/14183\/revisions\/14184"}],"wp:attachment":[{"href":"https:\/\/international-mwbk.de\/index.php?rest_route=%2Fwp%2Fv2%2Fmedia&parent=14183"}],"wp:term":[{"taxonomy":"category","embeddable":true,"href":"https:\/\/international-mwbk.de\/index.php?rest_route=%2Fwp%2Fv2%2Fcategories&post=14183"},{"taxonomy":"post_tag","embeddable":true,"href":"https:\/\/international-mwbk.de\/index.php?rest_route=%2Fwp%2Fv2%2Ftags&post=14183"}],"curies":[{"name":"wp","href":"https:\/\/api.w.org\/{rel}","templated":true}]}}