{"id":14141,"date":"2025-07-25T10:58:44","date_gmt":"2025-07-25T08:58:44","guid":{"rendered":"https:\/\/international-mwbk.de\/?p=14141"},"modified":"2025-07-25T10:58:44","modified_gmt":"2025-07-25T08:58:44","slug":"2-waehrend-der-mobilitaet-woche-2-2-2","status":"publish","type":"post","link":"https:\/\/international-mwbk.de\/?p=14141","title":{"rendered":"2. W\u00e4hrend der Mobilit\u00e4t (Woche 2, 2\/2)"},"content":{"rendered":"\n<p>An meinem zweiten freien Tag der Woche bin ich mit dem Auto runter an den Gardasee nach Riva del Garda gefahren. Dort merkt man sofort, dass nicht mehr der \u00f6sterreichische Einschlag im Umweltschutz besteht, wie in Schenna. <br>Hier zeichnen Plastikteller, Plastikbesteck und wenige M\u00fclleimer das Stadtbild. <br><br>Riva del Garda hat eine Coop-Filiale, also ein italienischer Supermarkt. Hier fiel mir sofort auf, was anders als in Deutschland ist: Man bekommt geschnittenes Obst in Plastikbeh\u00e4ltern mit Holzgabeln zum Snacken, was sehr praktisch ist bei den knapp 40 Grad hier. <br>\u00dcbrigens: Im TK-Fach gibt es hier Nutella-Croissants, f\u00fcr die Extra-Kalorien. \ud83d\ude42 <br>In den gehobenen Restaurants gibt es hier jedoch auch Stoffservietten und f\u00fcr das Gedeck bezahlt man 3\u20ac pro Person. <br>Meine ersten sprachlichen Erfolge kamen auch schon zutrage: Ich habe mein erstes Eis auf Italienisch bestellt und bekam daf\u00fcr sogar etwas mehr Eis. \ud83d\ude00<\/p>\n\n\n\n<p>In der Eisdiele habe ich jetzt auch die letzte Mitarbeiterin kennengelernt und es macht super viel Spa\u00df, sich mit den Kunden zu unterhalten. Es gibt viele D\u00e4nen, Amerikaner und Niederl\u00e4nder. Diese sind immer sehr \u00fcberrascht, wenn ich sie auf Niederl\u00e4ndisch anspreche, aber finden es toll. <br><\/p>\n\n\n\n<p><br><\/p>\n\n\n\n<figure class=\"wp-block-image size-full is-resized\"><a href=\"https:\/\/international-mwbk.de\/wp-content\/uploads\/2025\/07\/IMG_4997.heic\"><img decoding=\"async\" src=\"https:\/\/international-mwbk.de\/wp-content\/uploads\/2025\/07\/IMG_4997.heic\" alt=\"\" class=\"wp-image-14142\" style=\"width:412px;height:auto\"\/><\/a><figcaption class=\"wp-element-caption\">Die Melone mit Holzl\u00f6ffel. \ud83d\ude42 <\/figcaption><\/figure>\n\n\n\n<figure class=\"wp-block-image size-full is-resized\"><a href=\"https:\/\/international-mwbk.de\/wp-content\/uploads\/2025\/07\/IMG_4998.heic\"><img decoding=\"async\" src=\"https:\/\/international-mwbk.de\/wp-content\/uploads\/2025\/07\/IMG_4998.heic\" alt=\"\" class=\"wp-image-14143\" style=\"width:462px;height:auto\"\/><\/a><\/figure>\n\n\n\n<figure class=\"wp-block-image size-full is-resized\"><a href=\"https:\/\/international-mwbk.de\/wp-content\/uploads\/2025\/07\/IMG_5044.heic\"><img decoding=\"async\" src=\"https:\/\/international-mwbk.de\/wp-content\/uploads\/2025\/07\/IMG_5044.heic\" alt=\"\" class=\"wp-image-14144\" style=\"width:647px;height:auto\"\/><\/a><figcaption class=\"wp-element-caption\">Ausblick vom Turm in Riva del Garda auf die Stadt<\/figcaption><\/figure>\n","protected":false},"excerpt":{"rendered":"<p>An meinem zweiten freien Tag der Woche bin ich mit dem Auto runter an den Gardasee nach Riva del Garda gefahren. Dort merkt man sofort, dass nicht mehr der \u00f6sterreichische Einschlag im Umweltschutz besteht, wie in Schenna. Hier zeichnen Plastikteller, Plastikbesteck und wenige M\u00fclleimer das Stadtbild. Riva del Garda hat eine Coop-Filiale, also ein italienischer [&hellip;]<\/p>\n","protected":false},"author":400,"featured_media":0,"comment_status":"open","ping_status":"open","sticky":false,"template":"","format":"standard","meta":{"footnotes":""},"categories":[1],"tags":[79],"_links":{"self":[{"href":"https:\/\/international-mwbk.de\/index.php?rest_route=\/wp\/v2\/posts\/14141"}],"collection":[{"href":"https:\/\/international-mwbk.de\/index.php?rest_route=\/wp\/v2\/posts"}],"about":[{"href":"https:\/\/international-mwbk.de\/index.php?rest_route=\/wp\/v2\/types\/post"}],"author":[{"embeddable":true,"href":"https:\/\/international-mwbk.de\/index.php?rest_route=\/wp\/v2\/users\/400"}],"replies":[{"embeddable":true,"href":"https:\/\/international-mwbk.de\/index.php?rest_route=%2Fwp%2Fv2%2Fcomments&post=14141"}],"version-history":[{"count":1,"href":"https:\/\/international-mwbk.de\/index.php?rest_route=\/wp\/v2\/posts\/14141\/revisions"}],"predecessor-version":[{"id":14145,"href":"https:\/\/international-mwbk.de\/index.php?rest_route=\/wp\/v2\/posts\/14141\/revisions\/14145"}],"wp:attachment":[{"href":"https:\/\/international-mwbk.de\/index.php?rest_route=%2Fwp%2Fv2%2Fmedia&parent=14141"}],"wp:term":[{"taxonomy":"category","embeddable":true,"href":"https:\/\/international-mwbk.de\/index.php?rest_route=%2Fwp%2Fv2%2Fcategories&post=14141"},{"taxonomy":"post_tag","embeddable":true,"href":"https:\/\/international-mwbk.de\/index.php?rest_route=%2Fwp%2Fv2%2Ftags&post=14141"}],"curies":[{"name":"wp","href":"https:\/\/api.w.org\/{rel}","templated":true}]}}