{"id":13021,"date":"2024-03-16T22:40:30","date_gmt":"2024-03-16T21:40:30","guid":{"rendered":"https:\/\/international-mwbk.de\/?p=13021"},"modified":"2024-03-16T22:40:30","modified_gmt":"2024-03-16T21:40:30","slug":"meine-erste-woche-in-spanien","status":"publish","type":"post","link":"https:\/\/international-mwbk.de\/?p=13021","title":{"rendered":"Meine erste Woche in Spanien"},"content":{"rendered":"\n<p><\/p>\n\n\n\n<hr class=\"wp-block-separator has-alpha-channel-opacity\"\/>\n\n\n\n<p>Meine erste Woche in Spanien ging schnell vorbei. Ich war jedoch in dieser Woche nur zweimal im Praktikumsbetrieb, weil einmal ein Feiertag in Illescas war und am Donnerstag und Freitag eine Erk\u00e4ltung mich dazu zwang, zu Hause zu bleiben. Die Erk\u00e4ltung war stark und erniedrigend, da man sich schw\u00e4cher f\u00fchlt. Trotzdem bin ich spazieren gegangen, drau\u00dfen in Illescas, um frische Luft zu bekommen und Kraft zu sammeln. Ich ging meistens in der Nacht raus. Vor allem in der Nacht gehen die Leute in Spanien raus, denn da st\u00f6rt die Sonne nicht. Die Leute haben Feierabend und gehen trotzdem raus, und das ist, was ich an Spanien mag: Die Lebensqualit\u00e4t ist sehr hoch, die Leute sind hier weniger gestresst und depressiv. Sie suchen nach Gesellschaft und f\u00fchren Gespr\u00e4che mit dir, was in Deutschland leider nicht der Fall ist. <br><\/p>\n\n\n\n<div class=\"wp-block-group is-layout-constrained wp-block-group-is-layout-constrained\"><div class=\"wp-block-group__inner-container\">\n<div class=\"wp-block-columns is-layout-flex wp-container-core-columns-layout-1 wp-block-columns-is-layout-flex\">\n<div class=\"wp-block-column is-layout-flow wp-block-column-is-layout-flow\" style=\"flex-basis:100%\">\n<figure class=\"wp-block-image size-large is-resized is-style-default\"><a href=\"https:\/\/international-mwbk.de\/wp-content\/uploads\/2024\/03\/1081e2e6-f56d-4068-af9f-44169638dc7e.jpeg\"><img fetchpriority=\"high\" decoding=\"async\" width=\"768\" height=\"1024\" src=\"https:\/\/international-mwbk.de\/wp-content\/uploads\/2024\/03\/1081e2e6-f56d-4068-af9f-44169638dc7e-768x1024.jpeg\" alt=\"\" class=\"wp-image-13022\" style=\"width:209px;height:auto\" srcset=\"https:\/\/international-mwbk.de\/wp-content\/uploads\/2024\/03\/1081e2e6-f56d-4068-af9f-44169638dc7e-768x1024.jpeg 768w, https:\/\/international-mwbk.de\/wp-content\/uploads\/2024\/03\/1081e2e6-f56d-4068-af9f-44169638dc7e-225x300.jpeg 225w, https:\/\/international-mwbk.de\/wp-content\/uploads\/2024\/03\/1081e2e6-f56d-4068-af9f-44169638dc7e-1152x1536.jpeg 1152w, https:\/\/international-mwbk.de\/wp-content\/uploads\/2024\/03\/1081e2e6-f56d-4068-af9f-44169638dc7e-624x832.jpeg 624w, https:\/\/international-mwbk.de\/wp-content\/uploads\/2024\/03\/1081e2e6-f56d-4068-af9f-44169638dc7e.jpeg 1200w\" sizes=\"(max-width: 768px) 100vw, 768px\" \/><\/a><\/figure>\n<\/div>\n<\/div>\n<\/div><\/div>\n\n\n\n<p><\/p>\n\n\n\n<p>Der zweite Arbeitstag war sehr sch\u00f6n und unvergesslich, denn ich hatte das Gef\u00fchl, schon l\u00e4ngst zum Team zu geh\u00f6ren. Ich konnte alle Mitarbeiter genauer kennenlernen und mir wurde das Vertrauen geschenkt, Sachen selber auszuprobieren, sei es Pakete einscannen, selber ein Buch herstellen mit einem Ger\u00e4t, und ich konnte viel Neues lernen \u2013 und das alles an einem Tag, was ich unglaublich fand. Heute bin ich wieder rausgegangen in der Nacht und ging zu einem Essensstand in Illescas, der sehr beliebt ist. Das Essen war sehr lecker.<\/p>\n\n\n\n<figure class=\"wp-block-image size-large is-resized\"><a href=\"https:\/\/international-mwbk.de\/wp-content\/uploads\/2024\/03\/21fe5287-ddae-45dc-937e-aa1d6bb875ad.jpeg\"><img decoding=\"async\" width=\"768\" height=\"1024\" src=\"https:\/\/international-mwbk.de\/wp-content\/uploads\/2024\/03\/21fe5287-ddae-45dc-937e-aa1d6bb875ad-768x1024.jpeg\" alt=\"\" class=\"wp-image-13023\" style=\"width:182px;height:auto\" srcset=\"https:\/\/international-mwbk.de\/wp-content\/uploads\/2024\/03\/21fe5287-ddae-45dc-937e-aa1d6bb875ad-768x1024.jpeg 768w, https:\/\/international-mwbk.de\/wp-content\/uploads\/2024\/03\/21fe5287-ddae-45dc-937e-aa1d6bb875ad-225x300.jpeg 225w, https:\/\/international-mwbk.de\/wp-content\/uploads\/2024\/03\/21fe5287-ddae-45dc-937e-aa1d6bb875ad-1152x1536.jpeg 1152w, https:\/\/international-mwbk.de\/wp-content\/uploads\/2024\/03\/21fe5287-ddae-45dc-937e-aa1d6bb875ad-624x832.jpeg 624w, https:\/\/international-mwbk.de\/wp-content\/uploads\/2024\/03\/21fe5287-ddae-45dc-937e-aa1d6bb875ad.jpeg 1200w\" sizes=\"(max-width: 768px) 100vw, 768px\" \/><\/a><\/figure>\n\n\n\n<hr class=\"wp-block-separator has-alpha-channel-opacity\"\/>\n","protected":false},"excerpt":{"rendered":"<p>Meine erste Woche in Spanien ging schnell vorbei. Ich war jedoch in dieser Woche nur zweimal im Praktikumsbetrieb, weil einmal ein Feiertag in Illescas war und am Donnerstag und Freitag eine Erk\u00e4ltung mich dazu zwang, zu Hause zu bleiben. Die Erk\u00e4ltung war stark und erniedrigend, da man sich schw\u00e4cher f\u00fchlt. Trotzdem bin ich spazieren gegangen, [&hellip;]<\/p>\n","protected":false},"author":366,"featured_media":0,"comment_status":"open","ping_status":"open","sticky":false,"template":"","format":"standard","meta":{"footnotes":""},"categories":[1],"tags":[79],"_links":{"self":[{"href":"https:\/\/international-mwbk.de\/index.php?rest_route=\/wp\/v2\/posts\/13021"}],"collection":[{"href":"https:\/\/international-mwbk.de\/index.php?rest_route=\/wp\/v2\/posts"}],"about":[{"href":"https:\/\/international-mwbk.de\/index.php?rest_route=\/wp\/v2\/types\/post"}],"author":[{"embeddable":true,"href":"https:\/\/international-mwbk.de\/index.php?rest_route=\/wp\/v2\/users\/366"}],"replies":[{"embeddable":true,"href":"https:\/\/international-mwbk.de\/index.php?rest_route=%2Fwp%2Fv2%2Fcomments&post=13021"}],"version-history":[{"count":1,"href":"https:\/\/international-mwbk.de\/index.php?rest_route=\/wp\/v2\/posts\/13021\/revisions"}],"predecessor-version":[{"id":13024,"href":"https:\/\/international-mwbk.de\/index.php?rest_route=\/wp\/v2\/posts\/13021\/revisions\/13024"}],"wp:attachment":[{"href":"https:\/\/international-mwbk.de\/index.php?rest_route=%2Fwp%2Fv2%2Fmedia&parent=13021"}],"wp:term":[{"taxonomy":"category","embeddable":true,"href":"https:\/\/international-mwbk.de\/index.php?rest_route=%2Fwp%2Fv2%2Fcategories&post=13021"},{"taxonomy":"post_tag","embeddable":true,"href":"https:\/\/international-mwbk.de\/index.php?rest_route=%2Fwp%2Fv2%2Ftags&post=13021"}],"curies":[{"name":"wp","href":"https:\/\/api.w.org\/{rel}","templated":true}]}}