{"id":12428,"date":"2023-10-20T13:37:15","date_gmt":"2023-10-20T11:37:15","guid":{"rendered":"https:\/\/international-mwbk.de\/?p=12428"},"modified":"2023-10-20T13:37:15","modified_gmt":"2023-10-20T11:37:15","slug":"nachhaltigkeit-in-serbien","status":"publish","type":"post","link":"https:\/\/international-mwbk.de\/?p=12428","title":{"rendered":"Nachhaltigkeit in Serbien"},"content":{"rendered":"\n<p><strong>Was tut Unicom f\u00fcr den Umweltschutz?<\/strong><\/p>\n\n\n\n<p>In einem ruhigen Moment habe ich meine Kollegen die obige Frage gestellt.<\/p>\n\n\n\n<p>Nach einem kurzen Moment des \u00dcberlegens habe ich erstmal \u201eUm ehrlich zu sein nicht viel\u201c als Antwort bekommen\u2026<\/p>\n\n\n\n<p>Nachdem man bei uns In Deutschland schon fast nicht mehr aus dem Haus gehen kann, ohne Umweltschutz oder Nachhaltigkeit in irgendeiner Form zu bemerken, war dies im ersten Moment ziemlich \u00fcberraschend f\u00fcr mich.<\/p>\n\n\n\n<p>Daraufhin habe ich selber versucht Aspekte und T\u00e4tigkeiten zu finden, in denen mein Praktikumsbetrieb, wenn auch unbewusst, nachhaltig handelt.<\/p>\n\n\n\n<p>Das hat zu den folgenden Punkten gef\u00fchrt:<\/p>\n\n\n\n<p><em>1. Recycling und M\u00fclltrennung<\/em><\/p>\n\n\n\n<p>Papierm\u00fcll, biologischer Abfall wird strengstens von Plastik und sonstigem M\u00fcll getrennt.<\/p>\n\n\n\n<p><em>2. Minimierung des Papierm\u00fclls durch Digitalisierung<\/em><\/p>\n\n\n\n<p>Auch wenn die meisten B\u00fcros in Deutschland schon um einiges weiter mit der Digitalisierung vorgeschritten sind, ist erkennbar, dass auch hier, die Digitalisierung stetig voranschreitet und ein relevantes Thema ist.<\/p>\n\n\n\n<p>Au\u00dferdem stehen drei der zehn Mitarbeiter kurz vor Ihrer Rente, und halten nun lieber an Ihren gewohnten Arbeitsweisen fest, anstatt in den letzten Jahren\/im letzten Jahr noch neue Systeme zu lernen.<\/p>\n\n\n\n<p><em>3. Reparatur statt Neukauf<\/em><\/p>\n\n\n\n<p>Vielleicht liegt dies auch daran, dass bis auf zwei der Mitarbeiter alle einen technischen Hintergrund haben, aber wenn etwas kaputt geht (z.B ein Headset), wird dieses schnell aufgeschraubt und repariert, anstatt direkt einen Ersatz zu besorgen.<\/p>\n\n\n\n<p><strong>Und was unternimmt Belgrad als Stadt bez\u00fcglich der Nachhaltigkeit?<\/strong><\/p>\n\n\n\n<p>Schon kurz nach meiner Ankunft in Belgrad ist mir aufgefallen, dass hier viel gebaut wird.<\/p>\n\n\n\n<p>Als ich meine Kollegen und Freunde, die ich hier kennen gelernt habe, auf die vielen Bauprojekte angesprochen habe, haben diese mir mitgeteilt, dass die Stadtregierung umweltfreundliche Bau- und Sanierungsprojekte sowie die Anpflanzung von B\u00e4umen besonders f\u00f6rdert.<\/p>\n\n\n\n<p>Au\u00dferdem werden Gr\u00fcnfl\u00e4chen und Parks erweitert und besonders gepflegt, was unteranderem die Luftqualit\u00e4t und das optische Bild der Stadt verbessern soll.<\/p>\n\n\n\n<p><em>(Auch wenn dies nichts mit Nachhaltigkeit zu tun hat, wollte ich hier einmal kurz erw\u00e4hnen, dass die Nutzung von Parks und Spielpl\u00e4tzen durch Jugendliche und Kinder mit Ihren Eltern hier in keinem Verh\u00e4ltnis zu Deutschland steht und um einiges intensiver ist.<\/em><\/p>\n\n\n\n<p><em>Das macht mich sehr gl\u00fccklich und ich w\u00fcrde mir w\u00fcnschen, dass sich die Deutschen ein Beispiel daran nehmen w\u00fcrden\u2026)<\/em><\/p>\n\n\n\n<p>Ein besonderes Augenmerk wird hier auch auf die Reduzierung der Verschmutzung und die Verbesserung der Wasserqualit\u00e4t der beiden wichtigsten Fl\u00fcsse Belgrads, der Donau und der Sava, gelegt.<\/p>\n\n\n\n<p>Belgrad investiert deshalb in die Renaturierung und Reinigung von Flussufern sowie die Schaffung von nat\u00fcrlichen Wanderwegen, welche mit gen\u00fcgend Sitzm\u00f6glichkeiten und M\u00fclleimern versehen sind.<\/p>\n","protected":false},"excerpt":{"rendered":"<p>Was tut Unicom f\u00fcr den Umweltschutz? In einem ruhigen Moment habe ich meine Kollegen die obige Frage gestellt. Nach einem kurzen Moment des \u00dcberlegens habe ich erstmal \u201eUm ehrlich zu sein nicht viel\u201c als Antwort bekommen\u2026 Nachdem man bei uns In Deutschland schon fast nicht mehr aus dem Haus gehen kann, ohne Umweltschutz oder Nachhaltigkeit [&hellip;]<\/p>\n","protected":false},"author":361,"featured_media":0,"comment_status":"open","ping_status":"open","sticky":false,"template":"","format":"standard","meta":{"footnotes":""},"categories":[1],"tags":[65],"_links":{"self":[{"href":"https:\/\/international-mwbk.de\/index.php?rest_route=\/wp\/v2\/posts\/12428"}],"collection":[{"href":"https:\/\/international-mwbk.de\/index.php?rest_route=\/wp\/v2\/posts"}],"about":[{"href":"https:\/\/international-mwbk.de\/index.php?rest_route=\/wp\/v2\/types\/post"}],"author":[{"embeddable":true,"href":"https:\/\/international-mwbk.de\/index.php?rest_route=\/wp\/v2\/users\/361"}],"replies":[{"embeddable":true,"href":"https:\/\/international-mwbk.de\/index.php?rest_route=%2Fwp%2Fv2%2Fcomments&post=12428"}],"version-history":[{"count":1,"href":"https:\/\/international-mwbk.de\/index.php?rest_route=\/wp\/v2\/posts\/12428\/revisions"}],"predecessor-version":[{"id":12429,"href":"https:\/\/international-mwbk.de\/index.php?rest_route=\/wp\/v2\/posts\/12428\/revisions\/12429"}],"wp:attachment":[{"href":"https:\/\/international-mwbk.de\/index.php?rest_route=%2Fwp%2Fv2%2Fmedia&parent=12428"}],"wp:term":[{"taxonomy":"category","embeddable":true,"href":"https:\/\/international-mwbk.de\/index.php?rest_route=%2Fwp%2Fv2%2Fcategories&post=12428"},{"taxonomy":"post_tag","embeddable":true,"href":"https:\/\/international-mwbk.de\/index.php?rest_route=%2Fwp%2Fv2%2Ftags&post=12428"}],"curies":[{"name":"wp","href":"https:\/\/api.w.org\/{rel}","templated":true}]}}