{"id":12231,"date":"2023-08-16T13:28:34","date_gmt":"2023-08-16T11:28:34","guid":{"rendered":"https:\/\/international-mwbk.de\/?p=12231"},"modified":"2023-08-16T13:28:34","modified_gmt":"2023-08-16T11:28:34","slug":"nach-meinem-praktikum-in-frankreich","status":"publish","type":"post","link":"https:\/\/international-mwbk.de\/?p=12231","title":{"rendered":"Nach meinem Praktikum in Frankreich"},"content":{"rendered":"\n<p>Mein letzter Arbeitstag in Frankreich war am 28.07., danach hatte ich Urlaub. Ich war sehr traurig gehen zu m\u00fcssen. <br><br>Ich habe meine Ziele auf jeden Fall erreicht, ich wollte meine Sprachkenntnisse in meinem Ausbildungsberuf erweitern und das Praktikum hat sehr geholfen. Ich verstehe manche Sachen sogar besser als vorher, weil sie mir in meiner Muttersprache erkl\u00e4rt wurden.<br>Der Austausch mit meinen Kollegen aus Frankreich war nat\u00fcrlich sehr hilfreich, um das Ziel zu erreichen, da ich immer wieder mit ihnen kommunizieren musste, um meine Aufgaben zu erledigen. Ich habe durch das Praktikum viel \u00fcber die franz\u00f6sische Marketingabteilung gelernt, die deutlich kleiner ist als in Deutschland. Meine Kollegin ist allein in Frankreich und ihre Aufgabenpalette ist breiter, als ich dachte.<br>Ich fand es auch sehr interessant, mich mit den Auszubildenden aus Frankreich auszutauschen. Wir haben gemerkt, dass unsere Ausbildungen sehr unterschiedlich sind und haben viel voneinander gelernt.<br> <br>Mein anderes Ziel war es, die franz\u00f6sische Arbeitskultur kennenzulernen und dieses Ziel habe ich ebenfalls erreicht. Ich h\u00e4tte vor meinem Praktikum nicht erwartet, dass sie \u00fcberhaupt anders w\u00e4re als in Deutschland, da beide L\u00e4nder sehr nah beieinander liegen. Aber ich habe schon am ersten Tag verstanden, dass sie nicht ganz gleich ist, wie in Deutschland.<br>Die Arbeitszeiten waren anders und ich glaube, dass die Mitarbeiter in Frankreich nicht so streng wie in Deutschland mit Regeln im Kundenkontakt sind (z. B. eine von der Managerin geht ans Telefon dran und sagt nur ihren Vornamen).<br> <br>Heute ist mein erster Tag in einer neuen Abteilung in Deutschland, ich freue mich sehr, zur\u00fcck zu sein (bin aber trotzdem traurig, dass mein Auslandspraktikum schon zu Ende ist) und werde mich ab jetzt auf meine Abschlusspr\u00fcfung konzentrieren, die in November kommt.<br> <br>Ich wollte mich noch bei der Schule bedanken, die mich diese Erfahrung erm\u00f6glicht hat! Auch vielen Dank an beide Firmen, in Deutschland und Frankreich, es erlaubt zu haben.<br>Ich hoffe, dass es euch Spa\u00df gemacht hat, meine Berichte zu lesen \ud83d\ude0a!<br><\/p>\n","protected":false},"excerpt":{"rendered":"<p>Mein letzter Arbeitstag in Frankreich war am 28.07., danach hatte ich Urlaub. Ich war sehr traurig gehen zu m\u00fcssen. Ich habe meine Ziele auf jeden Fall erreicht, ich wollte meine Sprachkenntnisse in meinem Ausbildungsberuf erweitern und das Praktikum hat sehr geholfen. Ich verstehe manche Sachen sogar besser als vorher, weil sie mir in meiner Muttersprache [&hellip;]<\/p>\n","protected":false},"author":344,"featured_media":0,"comment_status":"open","ping_status":"open","sticky":false,"template":"","format":"standard","meta":{"footnotes":""},"categories":[1],"tags":[65],"_links":{"self":[{"href":"https:\/\/international-mwbk.de\/index.php?rest_route=\/wp\/v2\/posts\/12231"}],"collection":[{"href":"https:\/\/international-mwbk.de\/index.php?rest_route=\/wp\/v2\/posts"}],"about":[{"href":"https:\/\/international-mwbk.de\/index.php?rest_route=\/wp\/v2\/types\/post"}],"author":[{"embeddable":true,"href":"https:\/\/international-mwbk.de\/index.php?rest_route=\/wp\/v2\/users\/344"}],"replies":[{"embeddable":true,"href":"https:\/\/international-mwbk.de\/index.php?rest_route=%2Fwp%2Fv2%2Fcomments&post=12231"}],"version-history":[{"count":2,"href":"https:\/\/international-mwbk.de\/index.php?rest_route=\/wp\/v2\/posts\/12231\/revisions"}],"predecessor-version":[{"id":12277,"href":"https:\/\/international-mwbk.de\/index.php?rest_route=\/wp\/v2\/posts\/12231\/revisions\/12277"}],"wp:attachment":[{"href":"https:\/\/international-mwbk.de\/index.php?rest_route=%2Fwp%2Fv2%2Fmedia&parent=12231"}],"wp:term":[{"taxonomy":"category","embeddable":true,"href":"https:\/\/international-mwbk.de\/index.php?rest_route=%2Fwp%2Fv2%2Fcategories&post=12231"},{"taxonomy":"post_tag","embeddable":true,"href":"https:\/\/international-mwbk.de\/index.php?rest_route=%2Fwp%2Fv2%2Ftags&post=12231"}],"curies":[{"name":"wp","href":"https:\/\/api.w.org\/{rel}","templated":true}]}}