{"id":11987,"date":"2023-07-10T08:23:57","date_gmt":"2023-07-10T06:23:57","guid":{"rendered":"https:\/\/international-mwbk.de\/?p=11987"},"modified":"2023-07-10T08:23:57","modified_gmt":"2023-07-10T06:23:57","slug":"projektauftrag-2","status":"publish","type":"post","link":"https:\/\/international-mwbk.de\/?p=11987","title":{"rendered":"Projektauftrag"},"content":{"rendered":"\n<h1 class=\"wp-block-heading\">1. Vor der Mobilit\u00e4t<\/h1>\n\n\n\n<p><strong>1 a)<\/strong> <em>Nachhaltigkeit\/Umweltschutz bedeutet f\u00fcr meinen Arbeitsalltag in meinem<br>Ausbildungsbetrieb<\/em>, dass ich nicht alle Unterlagen ausdrucke, sondern so viel wie m\u00f6glich online bearbeite und weiterleite. Au\u00dferdem benutze ich oft Bl\u00e4tter, die nicht wie gew\u00fcnscht kopiert oder ausgedruckt wurden und verwende diese als Schmier- oder Notizblatt. Des Weiteren achte ich darauf, dass die Heizung nicht den ganzen Tag an ist und erst recht nicht, wenn ein Fenster offen ist.  Au\u00dferdem achtet unser Unternehmen darauf Mehrwegflaschen und Tassen zu verwenden, so dass wir keine Plastikflaschen oder Coffee to go Becher verwenden und somit viel M\u00fcll vermeiden.<br><br><strong>1 b)<\/strong> <em>Mein pers\u00f6nliches Lernziel:<\/em> <br>Die spanische Sprache besser erlernen und Kontakte kn\u00fcpfen.<\/p>\n\n\n\n<h1 class=\"wp-block-heading\">2. W\u00e4hrend der Mobilit\u00e4t<\/h1>\n\n\n\n<p><strong>2 a)<\/strong>  Die <em>Umsetzung von Nachhaltigkeit\/Umweltschutz<\/em> hier in Spanien im Vergleich zu meinem Ausbildungsbetrieb in Deutschland ist auf jeden Fall viel weniger.<\/p>\n\n\n\n<p><strong>2 b)<\/strong> <em>Unterschiede und Gemeinsamkeiten:<\/em><br>Unterschiedlich ist auf jeden Fall, dass hier in Spanien viel mehr Plastik verbraucht wird. Zum Beispiel gibt es einen Wasserspender, aber jeder trinkt aus kleinen Plastik Wasserflaschen und holt sich so alle paar Stunden eine Neue. In meinem Ausbildungsbetrieb besitzen wir Glasflaschen, die wir durch einen Wasserspender erneut auff\u00fcllen k\u00f6nnen, oder wir verbrauchen Glasflaschen vom Getr\u00e4nkemarkt.<br>Au\u00dferdem gibt es in meinem Praktikumsbetrieb eine Kaffeemaschine, aber die meisten Mitarbeiter der Firma ziehen sich einen Kaffee aus einem Automaten, in dem ein 0,1 l Kaffee in einem Plastikbecher serviert wird. In Deutschland zieht sich jeder einen Kaffee aus der Kaffeemaschine und benutzt den ganzen Tag die selbe Tasse.<br>Dazu kommt, dass ich das Gef\u00fchl habe es werden hier mehr Dokumente ausgedruckt und im Endeffekt geschreddert, als auf dem Laptop bearbeiten (falls m\u00f6glich) werden. In meinem Ausbildungsbetrieb werden wir dazu aufgefordert nur das n\u00f6tigste auszudrucken.<\/p>\n\n\n\n<p>Gemeinsamkeiten sind, dass zum Beispiel das Licht ausgemacht wird, sobald es nicht ben\u00f6tigt wird.<br>Jedoch ist es auch hier in Spanien der Fall, dass fast jeder Mitarbeiter alleine mit einem eigenen Auto zur Arbeit f\u00e4hrt. Das verbraucht nat\u00fcrlich in Spanien, sowie in Deutschland total viel Co2. <\/p>\n\n\n\n<p><strong>2 b)<\/strong> <em>Verbesserungsm\u00f6glichkeiten im Hinblick auf den Umweltschutz\/die<br>Nachhaltigkeit<\/em> sehe ich auf jeden Fall darin, dass mein Praktikumsbetrieb die verf\u00fcgbaren Wasserspender benutzen sollte. Au\u00dferdem k\u00f6nnte man das Leitungswasser in der Region problemlos trinken, oder notfalls mit einem Wasserfilter filtern. Das Wasser sollte auf jeden Fall in wiederverwendbare Becher oder Flaschen gef\u00fcllt werden, damit nicht so viel M\u00fcll entsteht.<br>Ebenso sollte man mit dem Kaffee vorgehen. Vielleicht k\u00f6nnte man noch mehr Kaffeemaschinen anschaffen, damit jede Etage seine eigene h\u00e4tte. Auch hier w\u00fcrde ich an Tassen oder Becher appellieren, die man sp\u00fclen und wiederverwenden kann.<br>F\u00fcr beide Betriebe gilt au\u00dferdem: Fahrgemeinschaften bilden oder, wenn m\u00f6glich mit dem Fahrrad oder \u00f6ffentlichen Verkehrsmitteln zur Arbeit zu kommen.<\/p>\n\n\n\n<h2 class=\"wp-block-heading\">3. Nach der Mobilit\u00e4t<\/h2>\n\n\n\n<p><strong>3 a)<\/strong> <em>Fragebogen <\/em>=> beantwortet <\/p>\n\n\n\n<p><strong>3 b)<\/strong> Ich habe <em>mein Lernziel<\/em> zum Teil erreicht, da ich auf jeden Fall besser spanisch sprechen kann als vor dem Praktikum und viele neue Menschen kennengelernt habe. <br>Jedoch war es schwerer als gedacht spanisch zu reden und die Einheimischen zu verstehen. Das ist etwas ganz anderes als im Unterricht oder im H\u00f6rverstehen. \ud83d\ude09<br>Dazu kommt, dass drei Wochen letztendlich eine kurze Zeit ist, um eine Sprache gut zu sprechen. <br>Deshalb haben wir die meiste Zeit auf englisch geredet und ich konnte nicht so viel spanisch lernen wie ich gedacht hatte.<br>Mein Arbeitskollege hat mir aber viel \u00fcbersetzt und erkl\u00e4rt, wodurch ich viel lernen konnte. <br>Au\u00dferdem konnte ich durch ihn mit vielen spanischen Menschen connecten und habe echt tolle Pers\u00f6nlichkeiten kennengelernt! \ud83d\ude42 <\/p>\n\n\n\n<p><strong>3 c)<\/strong> <em>Meine Erwartungen verglichen mit meinen Erfahrungen:<\/em><br>Vor dem Praktikum hatte ich die Erwartung, dass ich nur spanisch sprechen &#8222;darf&#8220; und alle Chancen, um mit jemandem zu reden, wahrnehmen muss.<br>Meine Erfahrung war, dass sich vor Ort alles regelt und es gut ist, nicht zu viele Erwartungen zu haben. Dann wird man auch nicht so schnell entt\u00e4uscht. \ud83d\ude42<\/p>\n\n\n\n<p><\/p>\n","protected":false},"excerpt":{"rendered":"<p>1. Vor der Mobilit\u00e4t 1 a) Nachhaltigkeit\/Umweltschutz bedeutet f\u00fcr meinen Arbeitsalltag in meinemAusbildungsbetrieb, dass ich nicht alle Unterlagen ausdrucke, sondern so viel wie m\u00f6glich online bearbeite und weiterleite. Au\u00dferdem benutze ich oft Bl\u00e4tter, die nicht wie gew\u00fcnscht kopiert oder ausgedruckt wurden und verwende diese als Schmier- oder Notizblatt. Des Weiteren achte ich darauf, dass die [&hellip;]<\/p>\n","protected":false},"author":321,"featured_media":0,"comment_status":"open","ping_status":"open","sticky":false,"template":"","format":"standard","meta":{"footnotes":""},"categories":[1],"tags":[65],"_links":{"self":[{"href":"https:\/\/international-mwbk.de\/index.php?rest_route=\/wp\/v2\/posts\/11987"}],"collection":[{"href":"https:\/\/international-mwbk.de\/index.php?rest_route=\/wp\/v2\/posts"}],"about":[{"href":"https:\/\/international-mwbk.de\/index.php?rest_route=\/wp\/v2\/types\/post"}],"author":[{"embeddable":true,"href":"https:\/\/international-mwbk.de\/index.php?rest_route=\/wp\/v2\/users\/321"}],"replies":[{"embeddable":true,"href":"https:\/\/international-mwbk.de\/index.php?rest_route=%2Fwp%2Fv2%2Fcomments&post=11987"}],"version-history":[{"count":2,"href":"https:\/\/international-mwbk.de\/index.php?rest_route=\/wp\/v2\/posts\/11987\/revisions"}],"predecessor-version":[{"id":12085,"href":"https:\/\/international-mwbk.de\/index.php?rest_route=\/wp\/v2\/posts\/11987\/revisions\/12085"}],"wp:attachment":[{"href":"https:\/\/international-mwbk.de\/index.php?rest_route=%2Fwp%2Fv2%2Fmedia&parent=11987"}],"wp:term":[{"taxonomy":"category","embeddable":true,"href":"https:\/\/international-mwbk.de\/index.php?rest_route=%2Fwp%2Fv2%2Fcategories&post=11987"},{"taxonomy":"post_tag","embeddable":true,"href":"https:\/\/international-mwbk.de\/index.php?rest_route=%2Fwp%2Fv2%2Ftags&post=11987"}],"curies":[{"name":"wp","href":"https:\/\/api.w.org\/{rel}","templated":true}]}}