{"id":11963,"date":"2023-06-20T16:28:08","date_gmt":"2023-06-20T14:28:08","guid":{"rendered":"https:\/\/international-mwbk.de\/?p=11963"},"modified":"2023-06-20T16:35:03","modified_gmt":"2023-06-20T14:35:03","slug":"vor-dem-praktikum-in-spanien","status":"publish","type":"post","link":"https:\/\/international-mwbk.de\/?p=11963","title":{"rendered":"Vor dem Praktikum in Spanien"},"content":{"rendered":"\n<p><br>Hey \ud83d\ude42<br>Ich bin Luna, 22 Jahre alt und habe 2021 die Ausbildung als Industriekauffrau begonnen. Um mich weiterzuentwickeln und neue Dinge kennenzulernen, habe ich mich dazu entschieden mit Erasmus+ dieses Auslandspraktikum durchzuf\u00fchren. <br>Ich freue mich schon sehr! \ud83d\ude42 <br><br>Nachfolgend schon mal ein paar beantwortete Fragen \/ beendete S\u00e4tze.<\/p>\n\n\n\n<p class=\"has-dark-gray-color has-light-gray-background-color has-text-color has-background\">\u200b\u200b\u200b\u200b\u200b\u200b-<em> Ich mache ein Auslandspraktikum, weil<\/em> ich selbstst\u00e4ndiger und selbstbewusster in neuen Situationen sein will und besser auf unvorbereitete Dinge reagieren m\u00f6chte. Au\u00dferdem m\u00f6chte ich wissen, wie ich komplett auf mich alleine gestellt in einem fremden Land zurechtkomme.<\/p>\n\n\n\n<p class=\"has-light-gray-background-color has-background\">&#8211; <em>Ich w\u00fcnsche mir von meinem Auslandspraktikum, dass<\/em> ich die spanische Sprache besser beherrschen werde und mich schnell an neue Gewohnheiten anpassen werde, um aus meiner Komfortzone zu kommen.<\/p>\n\n\n\n<p class=\"has-light-gray-background-color has-background\">&#8211; <em>F\u00fcr mein Auslandspraktikum nehme ich mir vor<\/em> offen f\u00fcr jegliche Dinge zu sein und alle Dinge so zu nehmen, wie sie kommen.<\/p>\n\n\n\n<p class=\"has-light-gray-background-color has-background\">&#8211; <em>Bei der Vorbereitung auf das Praktikum ist mir folgendes passiert<\/em>. Ich habe erst einen Tag vorher gemerkt, dass ich an Stelle einer Kreditkarte nur eine Debitkarte besitze. F\u00fcr einen Leihwagen im Ausland (Spanien) ist es jedoch &#8211; laut Autovermietung &#8211; zwingend erforderlich eine <strong>eigene <\/strong>Kreditkarte zu besitzen. Daher war der letzte Tag vor der Abreise noch sehr spannend und alle haben versucht eine andere M\u00f6glichkeit zu finden, um sicherzustellen, dass ich ein Auto in Spanien bekomme. (Letztendlich hat es die Autovermietung in Spanien nicht interessiert, dass ich mit der Kreditkarte meiner Mutter bezahlt habe. Also war der Stress vor der Abreise ziemlich unn\u00f6tig&#8230; Aber besser vorher Stress, in bekannter Umgebung, als in einem fremden Land ohne Plan zu stehen.)<br><em><strong>Mein Rat: Es wird sich alles regeln \ud83d\ude42<\/strong><\/em><\/p>\n","protected":false},"excerpt":{"rendered":"<p>Hey \ud83d\ude42Ich bin Luna, 22 Jahre alt und habe 2021 die Ausbildung als Industriekauffrau begonnen. Um mich weiterzuentwickeln und neue Dinge kennenzulernen, habe ich mich dazu entschieden mit Erasmus+ dieses Auslandspraktikum durchzuf\u00fchren. Ich freue mich schon sehr! \ud83d\ude42 Nachfolgend schon mal ein paar beantwortete Fragen \/ beendete S\u00e4tze. \u200b\u200b\u200b\u200b\u200b\u200b- Ich mache ein Auslandspraktikum, weil ich [&hellip;]<\/p>\n","protected":false},"author":321,"featured_media":0,"comment_status":"open","ping_status":"open","sticky":false,"template":"","format":"standard","meta":{"footnotes":""},"categories":[1],"tags":[65],"_links":{"self":[{"href":"https:\/\/international-mwbk.de\/index.php?rest_route=\/wp\/v2\/posts\/11963"}],"collection":[{"href":"https:\/\/international-mwbk.de\/index.php?rest_route=\/wp\/v2\/posts"}],"about":[{"href":"https:\/\/international-mwbk.de\/index.php?rest_route=\/wp\/v2\/types\/post"}],"author":[{"embeddable":true,"href":"https:\/\/international-mwbk.de\/index.php?rest_route=\/wp\/v2\/users\/321"}],"replies":[{"embeddable":true,"href":"https:\/\/international-mwbk.de\/index.php?rest_route=%2Fwp%2Fv2%2Fcomments&post=11963"}],"version-history":[{"count":7,"href":"https:\/\/international-mwbk.de\/index.php?rest_route=\/wp\/v2\/posts\/11963\/revisions"}],"predecessor-version":[{"id":11994,"href":"https:\/\/international-mwbk.de\/index.php?rest_route=\/wp\/v2\/posts\/11963\/revisions\/11994"}],"wp:attachment":[{"href":"https:\/\/international-mwbk.de\/index.php?rest_route=%2Fwp%2Fv2%2Fmedia&parent=11963"}],"wp:term":[{"taxonomy":"category","embeddable":true,"href":"https:\/\/international-mwbk.de\/index.php?rest_route=%2Fwp%2Fv2%2Fcategories&post=11963"},{"taxonomy":"post_tag","embeddable":true,"href":"https:\/\/international-mwbk.de\/index.php?rest_route=%2Fwp%2Fv2%2Ftags&post=11963"}],"curies":[{"name":"wp","href":"https:\/\/api.w.org\/{rel}","templated":true}]}}