{"id":11184,"date":"2022-11-03T22:02:09","date_gmt":"2022-11-03T20:02:09","guid":{"rendered":"http:\/\/international-mwbk.de\/?p=11184"},"modified":"2023-03-01T14:10:26","modified_gmt":"2023-03-01T12:10:26","slug":"ein-neuer-auslandspraktikant","status":"publish","type":"post","link":"https:\/\/international-mwbk.de\/?p=11184","title":{"rendered":"Ein neuer Auslandspraktikant"},"content":{"rendered":"\n<p>Hallo zusammen,<\/p>\n\n\n\n<p>mein Name ist Maxim Neumann und ich mache eine Ausbildung als Elektroniker f\u00fcr Betriebstechnik bei Witte Automotive. Ab dem 06.11.2022 unternehme ich das Auslandspraktikum in der franz\u00f6sischen Stadt Arras. <\/p>\n\n\n\n<p>Zu aller erst will ich mich daf\u00fcr bedanken, dass ich die Chance erhalte so ein Programm mitzumachen.<\/p>\n\n\n\n<p>Warum ich das Auslandspraktikum machen will ?<\/p>\n\n\n\n<p>In so einer Form habe ich ein Ausland noch nicht betreten. An sich reise ich oft und gerne, doch dazu noch ein Praktikum zu machen, ist neu f\u00fcr mich. Deshalb will ich mir diese Situation nicht entgehen lassen und m\u00f6chte meine erste Erfahrung zum Arbeiten im Ausland sammeln.<\/p>\n\n\n\n<p>Was w\u00fcnsche ich mir von meinem Auslandspraktikum ?<\/p>\n\n\n\n<p>Dass ich unversehrt ankomme. Dass die Leute nett, respektvoll und Geduld zeigen. Ich besch\u00e4ftigt sein werde und somit viele Eindr\u00fccke sammle. <\/p>\n\n\n\n<p>Was nehme ich f\u00fcr mein Auslandspraktikum vor ?<\/p>\n\n\n\n<p>Die Zeit will ich gut nutzen um mehr von unserem Nachbarland kennenzulernen. Deshalb nehme ich mir vor, mich in der Arbeit und auch in meiner privaten Zeit, viel zu verst\u00e4ndigen und zu erleben. Nat\u00fcrlich auch den Blog weiterzuf\u00fchren. <\/p>\n\n\n\n<p>Was ist mir bei der Vorbereitung aufgefallen ?<\/p>\n\n\n\n<p>Die Vorfreude ist aufjedenfall h\u00f6her als bei einer normalen Reise. Definitiv die umfangreiche Planung, denn so lange bin ich noch nicht gereist ( 3 Wochen ). Da \u00fcberlegt man sich schon zweimal was man alles so mitnehmen soll und kann. Zudem fahre ich auch mit meinem Privatwagen und da geh\u00f6rt es sich, dass alles in Takt laufen soll.<\/p>\n\n\n\n<p>Im Gro\u00dfen und Ganzen kann ich es kaum erwarten das Auslandspraktikum anzutreten und meine ersten Erfahrungen zu sammeln.<\/p>\n\n\n\n<p>Bis zum n\u00e4chsten Blog<\/p>\n\n\n\n<p>Euer Maxim Neumann<\/p>\n","protected":false},"excerpt":{"rendered":"<p>Hallo zusammen, mein Name ist Maxim Neumann und ich mache eine Ausbildung als Elektroniker f\u00fcr Betriebstechnik bei Witte Automotive. Ab dem 06.11.2022 unternehme ich das Auslandspraktikum in der franz\u00f6sischen Stadt Arras. Zu aller erst will ich mich daf\u00fcr bedanken, dass ich die Chance erhalte so ein Programm mitzumachen. Warum ich das Auslandspraktikum machen will ? [&hellip;]<\/p>\n","protected":false},"author":327,"featured_media":0,"comment_status":"open","ping_status":"open","sticky":false,"template":"","format":"standard","meta":{"footnotes":""},"categories":[1],"tags":[],"_links":{"self":[{"href":"https:\/\/international-mwbk.de\/index.php?rest_route=\/wp\/v2\/posts\/11184"}],"collection":[{"href":"https:\/\/international-mwbk.de\/index.php?rest_route=\/wp\/v2\/posts"}],"about":[{"href":"https:\/\/international-mwbk.de\/index.php?rest_route=\/wp\/v2\/types\/post"}],"author":[{"embeddable":true,"href":"https:\/\/international-mwbk.de\/index.php?rest_route=\/wp\/v2\/users\/327"}],"replies":[{"embeddable":true,"href":"https:\/\/international-mwbk.de\/index.php?rest_route=%2Fwp%2Fv2%2Fcomments&post=11184"}],"version-history":[{"count":1,"href":"https:\/\/international-mwbk.de\/index.php?rest_route=\/wp\/v2\/posts\/11184\/revisions"}],"predecessor-version":[{"id":11185,"href":"https:\/\/international-mwbk.de\/index.php?rest_route=\/wp\/v2\/posts\/11184\/revisions\/11185"}],"wp:attachment":[{"href":"https:\/\/international-mwbk.de\/index.php?rest_route=%2Fwp%2Fv2%2Fmedia&parent=11184"}],"wp:term":[{"taxonomy":"category","embeddable":true,"href":"https:\/\/international-mwbk.de\/index.php?rest_route=%2Fwp%2Fv2%2Fcategories&post=11184"},{"taxonomy":"post_tag","embeddable":true,"href":"https:\/\/international-mwbk.de\/index.php?rest_route=%2Fwp%2Fv2%2Ftags&post=11184"}],"curies":[{"name":"wp","href":"https:\/\/api.w.org\/{rel}","templated":true}]}}