{"id":11045,"date":"2022-08-21T17:06:04","date_gmt":"2022-08-21T15:06:04","guid":{"rendered":"http:\/\/international-mwbk.de\/?p=11045"},"modified":"2023-03-01T14:10:03","modified_gmt":"2023-03-01T12:10:03","slug":"das-ende-der-reise","status":"publish","type":"post","link":"https:\/\/international-mwbk.de\/?p=11045","title":{"rendered":"Das Ende der Reise"},"content":{"rendered":"\n<p>Montag, 15.08.<br>Da ich am Sonntag meinen Koffer nicht aus dem Schlie\u00dffach bekommen habe (der Automat hat das Geld nicht angenommen, also dachte ich, das Personal h\u00e4tte den raus geholt), habe ich das Montagmorgen gemacht. Eine halbe Stunde hat es gedauert, bis das geregelt war. Insgesamt hat es mich 26 Euro gekostet, den Koffer von Donnerstag bis Montag dort zu lagern.<br>Mein Plan war gewesen, um 8.00 Uhr den Shinkansen nach Osaka zu nehmen, der braucht n\u00e4mlich drei Stunden, dann die Sachen zum Hotel bringen, zur\u00fcck zum Bahnhof und eine Stunde bis nach Nara fahren. Da der Koffer aber verdammt schwer war und ich absolut keine Lust hatte den mit bis nach Hiroshima und zur\u00fcck zu schleppen, habe ich neue Klamotten in meinem Rucksack gepackt und bin zum Hotel gelaufen, in dem ich die letzte Nacht am Freitag, 19.08., verbracht habe. Dort habe ich den Koffer abgeliefert, bin zur\u00fcck zum Bahnhof gehechtet und habe einen Sitzplatz im Zug reserviert. Um 10.03 Uhr habe ich dann, zwei Stunden sp\u00e4ter als geplant, Tokyo verlassen. Somit war ich auch zwei Stunden &#8222;zu sp\u00e4t&#8220; in Osaka, erst um 13.00 Uhr. Den Plan, den Rucksack zum Hotel zu bringen, habe ich deswegen verworfen. Stattdessen habe ich ihn am Bahnhof eingeschlossen und bin in den n\u00e4chsten Zug gestiegen, sodass ich um 14.00 Uhr endlich in Nara angekommen war.<\/p>\n\n\n\n<p>Nara.<br>Die Stadt der Hirsche und bis 784 Hauptstadt Japans.<br>Mit dem Zug dauert es 50 Minuten, von Osaka bis ins 30 Kilometer entfernten Nara. Von dem Bahnhof l\u00e4uft man ein paar Minuten Richtung Park, wo dann auch schon der erste Sika-Hirsch mitten \u00fcber die Stra\u00dfe l\u00e4uft. Im Park selbst wimmelt es nur von ihnen &#8211; und von Touristen, die Hirschkekse kaufen. Sobald man welche hat, st\u00fcrmen alle Hirsche in der N\u00e4he auf einen zu. Ist man nicht schnell genug, wird auch schon mal das T-Shirt gefressen. Sobald alle Kekse weg sind, ist man aber uninteressant f\u00fcr die Tiere.<br>Sehr lustig anzusehen, wenn die Leute vor den Hirschen weglaufen, weil sie von ihnen belagert werden. Die wissen doch, dass das passiert.<br>Ich habe keine Kekse gekauft, nicht weil es mir die 200 Yen nicht wert gewesen w\u00e4re, sondern weil die Tiere teilweise nicht sonderlich gesund aussehen und schon mehr als genug Kekse bekommen.<\/p>\n\n\n\n<figure class=\"wp-block-gallery has-nested-images columns-default is-cropped wp-block-gallery-1 is-layout-flex wp-block-gallery-is-layout-flex\">\n<figure class=\"wp-block-image size-large\"><a href=\"http:\/\/international-mwbk.de\/wp-content\/uploads\/2022\/08\/20220815_151021-scaled.jpg\"><img fetchpriority=\"high\" decoding=\"async\" width=\"768\" height=\"1024\" data-id=\"11047\" src=\"http:\/\/international-mwbk.de\/wp-content\/uploads\/2022\/08\/20220815_151021-768x1024.jpg\" alt=\"\" class=\"wp-image-11047\" srcset=\"https:\/\/international-mwbk.de\/wp-content\/uploads\/2022\/08\/20220815_151021-768x1024.jpg 768w, https:\/\/international-mwbk.de\/wp-content\/uploads\/2022\/08\/20220815_151021-225x300.jpg 225w, https:\/\/international-mwbk.de\/wp-content\/uploads\/2022\/08\/20220815_151021-1152x1536.jpg 1152w, https:\/\/international-mwbk.de\/wp-content\/uploads\/2022\/08\/20220815_151021-1536x2048.jpg 1536w, https:\/\/international-mwbk.de\/wp-content\/uploads\/2022\/08\/20220815_151021-624x832.jpg 624w, https:\/\/international-mwbk.de\/wp-content\/uploads\/2022\/08\/20220815_151021-scaled.jpg 1920w\" sizes=\"(max-width: 768px) 100vw, 768px\" \/><\/a><figcaption>Hirsche soweit das Auge reicht <\/figcaption><\/figure>\n<\/figure>\n\n\n\n<p><br>Nachdem ich haufenweise Fotos gemacht habe, bin ich zum Todai-ji gegangen, dem gr\u00f6\u00dften Holzgeb\u00e4ude der Welt. Die Stra\u00dfe dorthin wurde grade gereinigt, denn viele Hirsche hei\u00dft auf viel Hirsch-Schei\u00dfe. Die Tiere sind wohl so heilig, dass ein Mann sogar einen h\u00fcbschen Haufen neben dem Tor fotografiert hat. Wer nicht reintreten will, muss schweben.<\/p>\n\n\n\n<p>Ab in den Tempel, wo ein 15 Meter gro\u00dfer Buddha sitzt. Eine Runde um ihn herum gelaufen und wieder raus.<\/p>\n\n\n\n<figure class=\"wp-block-image size-large is-resized\"><a href=\"http:\/\/international-mwbk.de\/wp-content\/uploads\/2022\/08\/20220815_1602420-scaled.jpg\"><img decoding=\"async\" src=\"http:\/\/international-mwbk.de\/wp-content\/uploads\/2022\/08\/20220815_1602420-1024x768.jpg\" alt=\"\" class=\"wp-image-11048\" width=\"344\" height=\"258\" srcset=\"https:\/\/international-mwbk.de\/wp-content\/uploads\/2022\/08\/20220815_1602420-1024x768.jpg 1024w, https:\/\/international-mwbk.de\/wp-content\/uploads\/2022\/08\/20220815_1602420-300x225.jpg 300w, https:\/\/international-mwbk.de\/wp-content\/uploads\/2022\/08\/20220815_1602420-768x576.jpg 768w, https:\/\/international-mwbk.de\/wp-content\/uploads\/2022\/08\/20220815_1602420-1536x1152.jpg 1536w, https:\/\/international-mwbk.de\/wp-content\/uploads\/2022\/08\/20220815_1602420-2048x1536.jpg 2048w, https:\/\/international-mwbk.de\/wp-content\/uploads\/2022\/08\/20220815_1602420-624x468.jpg 624w\" sizes=\"(max-width: 344px) 100vw, 344px\" \/><\/a><figcaption>Der Todai-ji<\/figcaption><\/figure>\n\n\n\n<p><br>Dann bin ich zum Kasuga Schrein gelaufen. Auf dem Weg dorthin, der relativ lang ist, stehen hunderte von Steinlaternen. Diese werden zweimal im Jahr angez\u00fcndet und am Montag war einer dieser Tage. Obon hatte geendet und das wurde gefeiert. Dass es sich um diese Laternen handelte, die angez\u00fcndet wurden, erfuhr ich erst auf dem Weg runter wieder. Mein Freund Google hat es mir verraten, der Aufseher hat dann gesagt, sie werden um 19.00 Uhr angez\u00fcndet. Ich hatte noch 1,5 Stunden totzuschlagen. Also den Weg vom Schrein wieder zur\u00fcckgelaufen und was zu Essen gesucht. Dadurch das es Abend wurde, legten sich viele Hirsche hin, sodass man sie jetzt auch anfassen konnte, ohne sie mit Keksen bestechen zu m\u00fcssen. An einem Stand ein Okonomiyaki gekauft und mit einem aufdringlichen Hirsch darum gek\u00e4mpft. Er wollte das so sehr haben, dass er sogar in die Styroporpackung gebissen hat.<br>Nach dem Essen dann wieder zur\u00fcck zum Schrein, zusammen mit hundert &#8211; wahrscheinlicher sogar tausend &#8211; Menschen. Jede Laterne war von Hand mit einem Teelicht angez\u00fcndet worden. Oben am Schrein bildete sich eine lange Schlange. Die war glaube ich f\u00fcr einen Gottesdienst. An dem habe ich nicht teilgenommen (die Teilnahme kostet n\u00e4mlich Geld?!?!) und die Schlange war wirklich lang. Also ein weiteres Mal runter und zur\u00fcck zum Bahnhof. In Osaka den Rucksack aus dem Schlie\u00dffach geholt und zum Hotel gelaufen.<\/p>\n\n\n\n<figure class=\"wp-block-image size-large\"><a href=\"http:\/\/international-mwbk.de\/wp-content\/uploads\/2022\/08\/20220815_170957-scaled.jpg\"><img decoding=\"async\" width=\"1024\" height=\"768\" src=\"http:\/\/international-mwbk.de\/wp-content\/uploads\/2022\/08\/20220815_170957-1024x768.jpg\" alt=\"\" class=\"wp-image-11050\" srcset=\"https:\/\/international-mwbk.de\/wp-content\/uploads\/2022\/08\/20220815_170957-1024x768.jpg 1024w, https:\/\/international-mwbk.de\/wp-content\/uploads\/2022\/08\/20220815_170957-300x225.jpg 300w, https:\/\/international-mwbk.de\/wp-content\/uploads\/2022\/08\/20220815_170957-768x576.jpg 768w, https:\/\/international-mwbk.de\/wp-content\/uploads\/2022\/08\/20220815_170957-1536x1152.jpg 1536w, https:\/\/international-mwbk.de\/wp-content\/uploads\/2022\/08\/20220815_170957-2048x1536.jpg 2048w, https:\/\/international-mwbk.de\/wp-content\/uploads\/2022\/08\/20220815_170957-624x468.jpg 624w\" sizes=\"(max-width: 1024px) 100vw, 1024px\" \/><\/a><figcaption>Die Steinlaternen<\/figcaption><\/figure>\n\n\n\n<p>Dienstag, 16.08.<br>Osaka<br>Nach Tokyo und Yokohama die drittgr\u00f6\u00dfte Stadt Japans.<br>Von dem, was ich vorher gelesen habe, habe ich mir die Stadt schlimmer vorgestellt. Es hie\u00df, sie habe nur Hochh\u00e4user, keine wirklich traditionellen Flecke und nicht viel Gr\u00fcn. Sie sei einfach aus Beton.<br>Was das angeht, wurde ich positiv \u00fcberrascht. Ja, in Osaka stehen viele Hochh\u00e4user &#8211; in Tokyo aber auch. Und da es in Osaka ein Limit f\u00fcr deren H\u00f6he gibt, kommt einem die Stadt nicht so eng vor. Parks habe ich tats\u00e4chlich keinen gesehen, in Tokyo gibt es aber auch nicht sooo viele. Und wenn, dann sind sie entweder riesig oder winzig.<br>Zumindest f\u00fcr einen Tag, den ich hier verbracht habe, war es besser als erwartet.<\/p>\n\n\n\n<p>Was auff\u00e4llt: die Stadt ist dreckig. In etwa, wie eine Deutsche Gro\u00dfstadt. \u00dcberall sind schwarze Flecken auf dem Boden, wo mal Kaugummis hingespuckt wurden, und es liegen haufenweise Zigarettenstummel herum. In fast allen St\u00e4dten ist das Rauchen verboten und nur in gekennzeichnete Zonen erlaubt. In Osaka wird aber quasi \u00fcberall geraucht. Vielleicht ist das die rebellische Seite der Stadt, die ihr immer nachgesagt wird &#8211; Regeln brechen.<br>Schon erstaunlich, wie schnell man sich an die Sauberkeit gew\u00f6hnt. Umso mehr f\u00e4llt es dann auf, wenn es auf einmal nicht mehr sauber ist, und irgendwie st\u00f6rt es dann auch.<br>Generell gibt Osaka einem das Gef\u00fchl, als w\u00fcrde es sich von dem Rest des Landes abheben oder distanzieren wollen. Angefangen damit, dass man nur hier auf der rechten Seite der Rolltreppe steht (\u00fcberall anders steht man links. Es gibt unterschiedliche Theorien, warum man das in Osaka anders macht) bis dahin, dass sogar die Ampeln andere T\u00f6ne machen, als im Rest des Landes.<\/p>\n\n\n\n<p>Angefangen habe ich an der Burg. Am Hotel konnte ich mir ein Fahrrad ausleihen und damit dorthin fahren. Von Au\u00dfen ist die Burg wirklich sch\u00f6n (knapp 50 Meter hoch) von Innen sieht man davon nichts mehr. Sie wurde zu einem Museum umgebaut, was die Geschichten der Burg &#8211; und so eines Typen, dessen Namen ich vergessen habe, der aber irgendeinen B\u00fcrgerkrieg beendet und das Land geeint hat &#8211; erkl\u00e4rt. Von dem urspr\u00fcnglichen Aussehen des Inneren ist leider nichts mehr \u00fcbrig.<\/p>\n\n\n\n<figure class=\"wp-block-image size-large\"><a href=\"http:\/\/international-mwbk.de\/wp-content\/uploads\/2022\/08\/20220816_102324-scaled.jpg\"><img loading=\"lazy\" decoding=\"async\" width=\"768\" height=\"1024\" src=\"http:\/\/international-mwbk.de\/wp-content\/uploads\/2022\/08\/20220816_102324-768x1024.jpg\" alt=\"\" class=\"wp-image-11051\" srcset=\"https:\/\/international-mwbk.de\/wp-content\/uploads\/2022\/08\/20220816_102324-768x1024.jpg 768w, https:\/\/international-mwbk.de\/wp-content\/uploads\/2022\/08\/20220816_102324-225x300.jpg 225w, https:\/\/international-mwbk.de\/wp-content\/uploads\/2022\/08\/20220816_102324-1152x1536.jpg 1152w, https:\/\/international-mwbk.de\/wp-content\/uploads\/2022\/08\/20220816_102324-1536x2048.jpg 1536w, https:\/\/international-mwbk.de\/wp-content\/uploads\/2022\/08\/20220816_102324-624x832.jpg 624w, https:\/\/international-mwbk.de\/wp-content\/uploads\/2022\/08\/20220816_102324-scaled.jpg 1920w\" sizes=\"(max-width: 768px) 100vw, 768px\" \/><\/a><figcaption>Burg Osaka<\/figcaption><\/figure>\n\n\n\n<p>Danach Richtung Dotonbori, dem bekanntesten Viertel der Stadt.<br>Dort musste ich erst einmal das Fahrrad loswerden. \u00dcberall in Japan sind Schilder, dass Fahrr\u00e4der parken verboten ist dort und es andernfalls abgeschleppt wird. Durch Zufall eins gesehen, wo ein Rad und ein Aufzug drauf waren. Also hinterher, mit dem Fahrrad in den Aufzug und im Keller des Geb\u00e4udes war ein Parkplatz f\u00fcr Fahrr\u00e4der. Nat\u00fcrlich kostenpflichtig. Egal was man in Japan parken will, man muss daf\u00fcr bezahlen. Es waren allerdings nur 150 Yen (knapp \u00fcber 1\u20ac) f\u00fcr sechs Stunden, also wirklich sehr g\u00fcnstig.<\/p>\n\n\n\n<p>Auf der Ebisu Br\u00fccke ein Foto gemacht und gewundert, was die Leute auf der anderen Seite denn alle fotografieren &#8211; den Glico Mann. Das Maskottchen der Firma, die Pocky (in Deutschland bekannt als Mikado) und andere S\u00fc\u00dfigkeiten herstellt. Ich habe die ganze Zeit gedacht, dass es sich dabei um eine Statue und nicht um eine Werbetafel handeln w\u00fcrde und h\u00e4tte ihn ohne die anderen Leute daher wahrscheinlicher \u00fcbersehen. Das obligatorische Foto gemacht und weiter, durch die Stra\u00dfen.<\/p>\n\n\n\n<p>Und hier kam die verr\u00fcckte Seite Osakas zum Vorschein. An allen Ecken gibt es Takoyaki (Oktopusb\u00e4llchen) zu kaufen, vor den L\u00e4den bilden sich regelm\u00e4\u00dfig Schlangen. Und dar\u00fcber sind riesige Oktopoden. Das geht die ganze Stra\u00dfe lang.<\/p>\n\n\n\n<figure class=\"wp-block-image size-large\"><a href=\"http:\/\/international-mwbk.de\/wp-content\/uploads\/2022\/08\/20220816_183814-scaled.jpg\"><img loading=\"lazy\" decoding=\"async\" width=\"768\" height=\"1024\" src=\"http:\/\/international-mwbk.de\/wp-content\/uploads\/2022\/08\/20220816_183814-768x1024.jpg\" alt=\"\" class=\"wp-image-11052\" srcset=\"https:\/\/international-mwbk.de\/wp-content\/uploads\/2022\/08\/20220816_183814-768x1024.jpg 768w, https:\/\/international-mwbk.de\/wp-content\/uploads\/2022\/08\/20220816_183814-225x300.jpg 225w, https:\/\/international-mwbk.de\/wp-content\/uploads\/2022\/08\/20220816_183814-1152x1536.jpg 1152w, https:\/\/international-mwbk.de\/wp-content\/uploads\/2022\/08\/20220816_183814-1536x2048.jpg 1536w, https:\/\/international-mwbk.de\/wp-content\/uploads\/2022\/08\/20220816_183814-624x832.jpg 624w, https:\/\/international-mwbk.de\/wp-content\/uploads\/2022\/08\/20220816_183814-scaled.jpg 1920w\" sizes=\"(max-width: 768px) 100vw, 768px\" \/><\/a><figcaption>Dotonbori<\/figcaption><\/figure>\n\n\n\n<p><br><\/p>\n\n\n\n<p>Es war erst 14.00 Uhr und ich wusste nicht, wohin mit der Zeit. Also zum Namba Yasaka Schrein gelaufen und von da aus zum Tsutenkaku, dem Wahrzeichen der Stadt und dem wirklich h\u00e4sslichsten Turm, den ich jemals gesehen habe. Trotzdem habe ich die 900 Yen bezahlt, um hoch zu fahren und aus knapp 100 Metern die Stadt ansehen zu k\u00f6nnen.<\/p>\n\n\n\n<figure class=\"wp-block-image size-large\"><a href=\"http:\/\/international-mwbk.de\/wp-content\/uploads\/2022\/08\/20220816_150312-scaled.jpg\"><img loading=\"lazy\" decoding=\"async\" width=\"768\" height=\"1024\" src=\"http:\/\/international-mwbk.de\/wp-content\/uploads\/2022\/08\/20220816_150312-768x1024.jpg\" alt=\"\" class=\"wp-image-11053\" srcset=\"https:\/\/international-mwbk.de\/wp-content\/uploads\/2022\/08\/20220816_150312-768x1024.jpg 768w, https:\/\/international-mwbk.de\/wp-content\/uploads\/2022\/08\/20220816_150312-225x300.jpg 225w, https:\/\/international-mwbk.de\/wp-content\/uploads\/2022\/08\/20220816_150312-1152x1536.jpg 1152w, https:\/\/international-mwbk.de\/wp-content\/uploads\/2022\/08\/20220816_150312-1536x2048.jpg 1536w, https:\/\/international-mwbk.de\/wp-content\/uploads\/2022\/08\/20220816_150312-624x832.jpg 624w, https:\/\/international-mwbk.de\/wp-content\/uploads\/2022\/08\/20220816_150312-scaled.jpg 1920w\" sizes=\"(max-width: 768px) 100vw, 768px\" \/><\/a><figcaption>Wie h\u00e4sslich ist dieser Turm bitte?<\/figcaption><\/figure>\n\n\n\n<p><br>Danach habe ich mich auf den Weg nach America-mura gemacht, einem kleinen Stadtteil, der nach dem Krieg sehr von den Amerikanern beeinflusst wurde. So sehr, dass auf einem Geb\u00e4ude sogar eine kleine Replika der Freiheitsstatue steht. Dort ist es laut (und dreckig). Haupts\u00e4chlich Englische Musik kommt aus den L\u00e4den, die allesamt importierte amerikanische Kleidung und anderen Kram anbieten. Komischerweise habe ich mich dort ziemlich wohl gef\u00fchlt. Wom\u00f6glich, weil es so ein gro\u00dfer Kontrast zu dem sonst so ruhigen und geregelten Japan ist. Zum Schluss habe ich noch Okonomiyaki (neben Takoyaki Osakas Spezialit\u00e4ten) gegessen, das Fahrrad abgeholt und bin zur\u00fcck zum Hotel.<\/p>\n\n\n\n<figure class=\"wp-block-image size-large is-resized\"><a href=\"http:\/\/international-mwbk.de\/wp-content\/uploads\/2022\/08\/20220816_171315-scaled.jpg\"><img loading=\"lazy\" decoding=\"async\" src=\"http:\/\/international-mwbk.de\/wp-content\/uploads\/2022\/08\/20220816_171315-768x1024.jpg\" alt=\"\" class=\"wp-image-11054\" width=\"338\" height=\"450\" srcset=\"https:\/\/international-mwbk.de\/wp-content\/uploads\/2022\/08\/20220816_171315-768x1024.jpg 768w, https:\/\/international-mwbk.de\/wp-content\/uploads\/2022\/08\/20220816_171315-225x300.jpg 225w, https:\/\/international-mwbk.de\/wp-content\/uploads\/2022\/08\/20220816_171315-1152x1536.jpg 1152w, https:\/\/international-mwbk.de\/wp-content\/uploads\/2022\/08\/20220816_171315-1536x2048.jpg 1536w, https:\/\/international-mwbk.de\/wp-content\/uploads\/2022\/08\/20220816_171315-624x832.jpg 624w, https:\/\/international-mwbk.de\/wp-content\/uploads\/2022\/08\/20220816_171315-scaled.jpg 1920w\" sizes=\"(max-width: 338px) 100vw, 338px\" \/><\/a><figcaption>Die Freiheitsstatue in America-mura<\/figcaption><\/figure>\n\n\n\n<p>Mittwoch, 17.08.<br>Himeji<br>Ich habe mich um 10.00 Uhr in den Zug Richtung Hiroshima gesetzt und bin in Himeji ausgestiegen. Dort gibt es eine Burg, die als eine der sch\u00f6nsten in ganz Japan bezeichnet wird. Und da ich die Zeit hatte, habe ich diese besichtigt. In dieser Stadt, die etwa 100 Kilometer von Osaka entfernt ist, steht man auf Rolltreppen auch auf der rechten Seite (zumindest im Bahnhof).<br>Wenn man den Schildern im Bahnhof zum entsprechenden Ausgang folgt, sieht man auch schon die Burg. Ich habe die mir gr\u00f6\u00dfer vorgestellt, tats\u00e4chlich ist sie sogar etwas kleiner als die von Osaka, insgesamt 46,4 Meter hoch. F\u00fcr die meisten Leute, sehen die beiden Burgen wahrscheinlich ziemlich gleich aus. Das Dach der Burg in Osaka ist gr\u00fcn, das der von Himeji wei\u00df. Das w\u00e4re es zumindest, wenn es nicht so dreckig w\u00e4re.<br>Die Burg wurde in Kriegen nie zerst\u00f6rt und ist deswegen eines der \u00e4ltesten erhaltenen Bauwerke des 17. Jahrhunderts.<\/p>\n\n\n\n<figure class=\"wp-block-image size-large\"><a href=\"http:\/\/international-mwbk.de\/wp-content\/uploads\/2022\/08\/20220817_124424-scaled.jpg\"><img loading=\"lazy\" decoding=\"async\" width=\"768\" height=\"1024\" src=\"http:\/\/international-mwbk.de\/wp-content\/uploads\/2022\/08\/20220817_124424-768x1024.jpg\" alt=\"\" class=\"wp-image-11055\" srcset=\"https:\/\/international-mwbk.de\/wp-content\/uploads\/2022\/08\/20220817_124424-768x1024.jpg 768w, https:\/\/international-mwbk.de\/wp-content\/uploads\/2022\/08\/20220817_124424-225x300.jpg 225w, https:\/\/international-mwbk.de\/wp-content\/uploads\/2022\/08\/20220817_124424-1152x1536.jpg 1152w, https:\/\/international-mwbk.de\/wp-content\/uploads\/2022\/08\/20220817_124424-1536x2048.jpg 1536w, https:\/\/international-mwbk.de\/wp-content\/uploads\/2022\/08\/20220817_124424-624x832.jpg 624w, https:\/\/international-mwbk.de\/wp-content\/uploads\/2022\/08\/20220817_124424-scaled.jpg 1920w\" sizes=\"(max-width: 768px) 100vw, 768px\" \/><\/a><figcaption>Die &#8222;Wei\u00dfer Reiher Burg&#8220;<\/figcaption><\/figure>\n\n\n\n<p>Beim Ticketkauf muss man sich entscheiden, ob man nur die Burg anschauen will oder auch den Garten daneben, f\u00fcr 50 Yen extra. Wenn man das Ticket f\u00fcr den Garten bei diesem extra kauft, kostet es um die 300 Yen. Es lohnt sich auf jeden Fall, beides zu machen.<br>Beim Kauf des Tickets hat eine Angestellte mich darauf hingewiesen, dass es knapp zwei Stunden dauert, bis man durch ist. Also hinter dem Eingang am Automaten eine Flasche Wasser gekauft, die nicht vollkommen \u00fcberteuert war, und los.<br>Im Inneren der Burg sind Schuhe verboten, die tr\u00e4gt man in einer Plastikt\u00fcte mit sich herum. Die meisten R\u00e4ume sind leer, nur in einigen sind Informationen \u00fcber die Burg zu sehen. Dann geht es mehrere steile Treppen nach oben, wo man aufpassen muss sich nicht den Kopf zu sto\u00dfen, damit man von ganz oben auf die Stadt gucken kann. Danach wieder runter und in den Garten. Dort gibt es mehrere unterschiedliche G\u00e4rten, die allesamt typisch japanisch aussehen.<br>Im Souvenirladen wurde ich Opfer des s\u00fc\u00dfen Maskottchens, dann bin ich zur\u00fcck zum Bahnhof gegangen und sa\u00df gegen 16.00 Uhr im Zug, diesmal tats\u00e4chlich nach Hiroshima, dem letzten Ziel auf meiner Reise.<\/p>\n\n\n\n<p>Donnerstag, 18.08.<br>Hiroshima<br>Eine sch\u00f6ne Stadt, mit einer sehr traurigen Geschichte. Ich habe fast durchg\u00e4ngig mit den Tr\u00e4nen gek\u00e4mpft, w\u00e4hrend ich durch den Friedensgedenkpark und das Museum gelaufen bin.<br>Mein erster Stopp war der Orizuru ( = Papierkranich) Tower. Dieser wurde direkt hinter der Atombombenkuppel\/ A-Dome gebaut. Von dort aus hat man eine gute Aussicht \u00fcber die Stadt und den Friedenspark.<br>F\u00fcr Ausl\u00e4nder gibt es einen Rabatt (1.200 statt 1.700 Yen, circa 8,70 \u20ac) und das Papier f\u00fcr einen Origami-Kranich ist im Preis direkt mitinbegriffen. Oben angekommen bekommt man ein Blatt Papier, aus dem man einen Kranich faltet und den man in das Fenster, welches auf Bodenh\u00f6he ist, fallen l\u00e4sst.<br>Der A-Dome war damals nur 160 Meter vom Hypozentrum\/ Bodennullpunkt\/ Ground Zero entfernt, wo die Bombe in 580 Metern H\u00f6he detoniert ist. Dadurch wurde er nicht vollkommen zerst\u00f6rt, weil die Explosion fast senkrecht auf ihn eingewirkt hat.<\/p>\n\n\n\n<figure class=\"wp-block-image size-large\"><a href=\"http:\/\/international-mwbk.de\/wp-content\/uploads\/2022\/08\/20220818_112946-scaled.jpg\"><img loading=\"lazy\" decoding=\"async\" width=\"1024\" height=\"768\" src=\"http:\/\/international-mwbk.de\/wp-content\/uploads\/2022\/08\/20220818_112946-1024x768.jpg\" alt=\"\" class=\"wp-image-11056\" srcset=\"https:\/\/international-mwbk.de\/wp-content\/uploads\/2022\/08\/20220818_112946-1024x768.jpg 1024w, https:\/\/international-mwbk.de\/wp-content\/uploads\/2022\/08\/20220818_112946-300x225.jpg 300w, https:\/\/international-mwbk.de\/wp-content\/uploads\/2022\/08\/20220818_112946-768x576.jpg 768w, https:\/\/international-mwbk.de\/wp-content\/uploads\/2022\/08\/20220818_112946-1536x1152.jpg 1536w, https:\/\/international-mwbk.de\/wp-content\/uploads\/2022\/08\/20220818_112946-2048x1536.jpg 2048w, https:\/\/international-mwbk.de\/wp-content\/uploads\/2022\/08\/20220818_112946-624x468.jpg 624w\" sizes=\"(max-width: 1024px) 100vw, 1024px\" \/><\/a><figcaption>Der A-Dome mit dem Orizuru Tower im Hintergrund <\/figcaption><\/figure>\n\n\n\n<p>Aber warum gibt es eigentlich \u00fcberall Kraniche?<br>Sadako Sasaki war zum Zeitpunkt des Atombombenabwurfs 2,5 Jahre alt und wuchs danach als scheinbar gesundes M\u00e4dchen heran. Im Januar 1955 wurde bei ihr\u00a0Leuk\u00e4mie\u00a0diagnostiziert, eine bei \u00dcberlebenden des Atombombenabwurfes h\u00e4ufig auftretende Krebserkrankung.<br>Sadakos beste Freundin erz\u00e4hlte ihr von einer alten japanischen Legende, nach der derjenige, der 1.000\u00a0Origami-Kraniche falte, von den G\u00f6ttern einen Wunsch erf\u00fcllt bek\u00e4me. Sadako begann daraufhin, w\u00e4hrend ihres mehrmonatigen Krankenhausaufenthaltes Papierkraniche zu falten. Nachdem sie innerhalb von weniger als einem Monat 1.000 Kraniche fertiggestellt hatte, setzte sie ihre Arbeit in der Hoffnung auf Heilung fort. Ihr Bruder Masahiro Sasaki spricht von insgesamt rund 1.600 Kranichen, die Sadako bis zu ihrem Tod faltete.<br>Sie starb am 25. Oktober 1955 im Alter von 12 Jahren.<br>Seitdem wurden Origami-Kraniche zu einem Symbol der internationalen\u00a0Friedensbewegung\u00a0und des Widerstands gegen den\u00a0Atomkrieg.<\/p>\n\n\n\n<p>Danach ging es zur Friedensglocke und zum Kinderfriedensdenkmal. Dieses ist f\u00fcr alle Kinder, die durch die Atombombe gestorben sind.<br>Nach Sadakos Tod haben sich ihre Mitsch\u00fcler daf\u00fcr eingesetzt, dass dieses Denkmal gebaut wird. 3.100 Schulen haben Geld gespendet, um es zu realisieren. Es wurde am &#8222;Kodomo no hi&#8220; (Tag der Kinder) 1958 er\u00f6ffnet.<br>Oben drauf befindet sich eine Statue von Sadako, die einen Kranich h\u00e4lt.<\/p>\n\n\n\n<figure class=\"wp-block-image size-large\"><a href=\"http:\/\/international-mwbk.de\/wp-content\/uploads\/2022\/08\/20220818_113351-scaled.jpg\"><img loading=\"lazy\" decoding=\"async\" width=\"1024\" height=\"768\" src=\"http:\/\/international-mwbk.de\/wp-content\/uploads\/2022\/08\/20220818_113351-1024x768.jpg\" alt=\"\" class=\"wp-image-11057\" srcset=\"https:\/\/international-mwbk.de\/wp-content\/uploads\/2022\/08\/20220818_113351-1024x768.jpg 1024w, https:\/\/international-mwbk.de\/wp-content\/uploads\/2022\/08\/20220818_113351-300x225.jpg 300w, https:\/\/international-mwbk.de\/wp-content\/uploads\/2022\/08\/20220818_113351-768x576.jpg 768w, https:\/\/international-mwbk.de\/wp-content\/uploads\/2022\/08\/20220818_113351-1536x1152.jpg 1536w, https:\/\/international-mwbk.de\/wp-content\/uploads\/2022\/08\/20220818_113351-2048x1536.jpg 2048w, https:\/\/international-mwbk.de\/wp-content\/uploads\/2022\/08\/20220818_113351-624x468.jpg 624w\" sizes=\"(max-width: 1024px) 100vw, 1024px\" \/><\/a><figcaption>In jede dieser Boxen beim Kinderfriedensdenkmal kann man seine eigenen Kraniche legen <\/figcaption><\/figure>\n\n\n\n<p>Dann zur Flamme des Friedens. Das Feuer soll erst ausgehen, wenn der Tag kommt, an dem alle Atomwaffen von der Erde verschwunden sind. Es w\u00e4re sch\u00f6n, wenn man sie bald l\u00f6schen k\u00f6nnte. Doch wahrscheinlich wird dieser Tag nie kommen.<\/p>\n\n\n\n<figure class=\"wp-block-image size-large\"><a href=\"http:\/\/international-mwbk.de\/wp-content\/uploads\/2022\/08\/20220818_120132-scaled.jpg\"><img loading=\"lazy\" decoding=\"async\" width=\"1024\" height=\"768\" src=\"http:\/\/international-mwbk.de\/wp-content\/uploads\/2022\/08\/20220818_120132-1024x768.jpg\" alt=\"\" class=\"wp-image-11058\" srcset=\"https:\/\/international-mwbk.de\/wp-content\/uploads\/2022\/08\/20220818_120132-1024x768.jpg 1024w, https:\/\/international-mwbk.de\/wp-content\/uploads\/2022\/08\/20220818_120132-300x225.jpg 300w, https:\/\/international-mwbk.de\/wp-content\/uploads\/2022\/08\/20220818_120132-768x576.jpg 768w, https:\/\/international-mwbk.de\/wp-content\/uploads\/2022\/08\/20220818_120132-1536x1152.jpg 1536w, https:\/\/international-mwbk.de\/wp-content\/uploads\/2022\/08\/20220818_120132-2048x1536.jpg 2048w, https:\/\/international-mwbk.de\/wp-content\/uploads\/2022\/08\/20220818_120132-624x468.jpg 624w\" sizes=\"(max-width: 1024px) 100vw, 1024px\" \/><\/a><figcaption>Das Kenotaph mit der Flamme des Friedens und dem A-dome im Hintergrund <\/figcaption><\/figure>\n\n\n\n<p>Anschlie\u00dfend ging ich in das Friedensmuseum. Dort habe ich kaum Fotos gemacht. Einerseits, weil man bei alldem, was man dort sieht, nicht daran denkt, andererseits, weil es sich falsch und respektlos angef\u00fchlt h\u00e4tte. In dem Museum gibt es Informationen von der Entwicklung der ersten Atombome (die Entdeckung der Kernspaltung, ein Brief von Einstein an Roosevelt), \u00fcber die Geschehnisse am 6. August 1945, die Geschichte Hiroshimas und diverse Sonderausstellungen. In keinem anderen Museum, in dem ich bisher war, habe ich die Texte so aufmerksam gelesen, wie in diesem.<\/p>\n\n\n\n<p>Mein letzter Stopp im Friedenspark war die Gedenkhalle f\u00fcr die Atombombenopfer. Davor ist eine Uhr abgebildet, die 8.15 Uhr anzeigt. Dem Zeitpunkt, zu dem die Katastrophe geschehen ist. Innen drin geht man einen spiralf\u00f6rmig Gang hinunter und endet in einem Raum, in dessen Mitte eine weitere Uhr steht. \u00dcber diese flie\u00dft Wasser, als Zeichen f\u00fcr die Verstorbenen. An der Wand ziert sich ein riesiges Mosaik, das Hiroshima nach der Detonation zeigt. Es wurde aus 140.000 Fliesen hergestellt, denn so viele Menschen starben Sch\u00e4tzungsweise bis Ende 1945 durch die Bombe beziehungsweise deren Folgen.<br>Dort wird auch ein Film gezeigt, \u00fcber sechs M\u00e4nner, die die Explosion aus unterschiedlichen Entfernungen erlebt und Fotos geschossen haben.<\/p>\n\n\n\n<figure class=\"wp-block-image size-large\"><a href=\"http:\/\/international-mwbk.de\/wp-content\/uploads\/2022\/08\/20220818_135258-scaled.jpg\"><img loading=\"lazy\" decoding=\"async\" width=\"768\" height=\"1024\" src=\"http:\/\/international-mwbk.de\/wp-content\/uploads\/2022\/08\/20220818_135258-768x1024.jpg\" alt=\"\" class=\"wp-image-11059\" srcset=\"https:\/\/international-mwbk.de\/wp-content\/uploads\/2022\/08\/20220818_135258-768x1024.jpg 768w, https:\/\/international-mwbk.de\/wp-content\/uploads\/2022\/08\/20220818_135258-225x300.jpg 225w, https:\/\/international-mwbk.de\/wp-content\/uploads\/2022\/08\/20220818_135258-1152x1536.jpg 1152w, https:\/\/international-mwbk.de\/wp-content\/uploads\/2022\/08\/20220818_135258-1536x2048.jpg 1536w, https:\/\/international-mwbk.de\/wp-content\/uploads\/2022\/08\/20220818_135258-624x832.jpg 624w, https:\/\/international-mwbk.de\/wp-content\/uploads\/2022\/08\/20220818_135258-scaled.jpg 1920w\" sizes=\"(max-width: 768px) 100vw, 768px\" \/><\/a><figcaption>8.15 Uhr am 6. August 1945. Ein Schicksalschlag f\u00fcr die Menschheit <\/figcaption><\/figure>\n\n\n\n<p>Danach f\u00fchrte mein Weg mich zur Burg. Diese ist circa 700 Meter vom Ground Zero entfernt gewesen und wurde vollkommen zerst\u00f6rt, aber 1958 originalgetreu wiederaufgebaut.<br>Den Abschluss des ersten Tages machte der Shukkei-en, ein gro\u00dfer japanischer Garten mit vielen Koi und Schildkr\u00f6ten. Das Futter, das ich gekauft habe, war eigentlich f\u00fcr die Fische gedacht, doch ich habe es haupts\u00e4chlich den Schildkr\u00f6ten gegeben.<\/p>\n\n\n\n<figure class=\"wp-block-image size-large\"><a href=\"http:\/\/international-mwbk.de\/wp-content\/uploads\/2022\/08\/20220818_152312-scaled.jpg\"><img loading=\"lazy\" decoding=\"async\" width=\"768\" height=\"1024\" src=\"http:\/\/international-mwbk.de\/wp-content\/uploads\/2022\/08\/20220818_152312-768x1024.jpg\" alt=\"\" class=\"wp-image-11060\" srcset=\"https:\/\/international-mwbk.de\/wp-content\/uploads\/2022\/08\/20220818_152312-768x1024.jpg 768w, https:\/\/international-mwbk.de\/wp-content\/uploads\/2022\/08\/20220818_152312-225x300.jpg 225w, https:\/\/international-mwbk.de\/wp-content\/uploads\/2022\/08\/20220818_152312-1152x1536.jpg 1152w, https:\/\/international-mwbk.de\/wp-content\/uploads\/2022\/08\/20220818_152312-1536x2048.jpg 1536w, https:\/\/international-mwbk.de\/wp-content\/uploads\/2022\/08\/20220818_152312-624x832.jpg 624w, https:\/\/international-mwbk.de\/wp-content\/uploads\/2022\/08\/20220818_152312-scaled.jpg 1920w\" sizes=\"(max-width: 768px) 100vw, 768px\" \/><\/a><figcaption>Burg Hiroshima<\/figcaption><\/figure>\n\n\n\n<p>Ein bisschen bereue ich es doch, nicht w\u00e4hrend meines Trips am 6. August von Kyoto nach Hiroshima gefahren zu sein, um bei der Gedenkzeremonie teilzunehmen. Vielleicht ergibt sich die Gelegenheit wann anders noch einmal.<\/p>\n\n\n\n<p>Freitag, 19.08.<br>Mein letzter voller Tag in Japan. Morgens habe ich mich in den Zug nach Miyajima gesetzt, eine Insel etwa 20 Kilometer westlich von Hiroshima. Dort gibt es den Itsukushima Schrein mit einem der am h\u00e4ufigsten fotografierten Motive in Japan: einem gro\u00dfen, roten Torii Tor, das im Wasser steht.<br>Allerdings wurde ich entt\u00e4uscht. Denn seit Ende 2019 bis Dezember diesen Jahres werden Teile des Schreins und das Torii restauriert, sodass es komplett von einem Ger\u00fcst verdeckt wurde. Es macht also immer Sinn, sich vorher zu informieren, welche Sehensw\u00fcrdigkeiten gerade restauriert werden. Das passiert in Japan n\u00e4mlich recht h\u00e4ufig. <\/p>\n\n\n\n<p>Daher habe ich mir den Schrein nicht angeschaut. Dieser ist auf Stelzen gebaut und steht bei Flut, wie das Tor auch, im Wasser.<br>Stattdessen bin ich in das Aquarium gegangen, wo mir wieder bewusst wurde, warum ich solche, oder auch Zoos, eigentlich nicht besuche. Das ist einfach nicht sch\u00f6n f\u00fcr die Tiere.<\/p>\n\n\n\n<figure class=\"wp-block-image size-large\"><a href=\"http:\/\/international-mwbk.de\/wp-content\/uploads\/2022\/08\/20220819_105752-scaled.jpg\"><img loading=\"lazy\" decoding=\"async\" width=\"1024\" height=\"768\" src=\"http:\/\/international-mwbk.de\/wp-content\/uploads\/2022\/08\/20220819_105752-1024x768.jpg\" alt=\"\" class=\"wp-image-11061\" srcset=\"https:\/\/international-mwbk.de\/wp-content\/uploads\/2022\/08\/20220819_105752-1024x768.jpg 1024w, https:\/\/international-mwbk.de\/wp-content\/uploads\/2022\/08\/20220819_105752-300x225.jpg 300w, https:\/\/international-mwbk.de\/wp-content\/uploads\/2022\/08\/20220819_105752-768x576.jpg 768w, https:\/\/international-mwbk.de\/wp-content\/uploads\/2022\/08\/20220819_105752-1536x1152.jpg 1536w, https:\/\/international-mwbk.de\/wp-content\/uploads\/2022\/08\/20220819_105752-2048x1536.jpg 2048w, https:\/\/international-mwbk.de\/wp-content\/uploads\/2022\/08\/20220819_105752-624x468.jpg 624w\" sizes=\"(max-width: 1024px) 100vw, 1024px\" \/><\/a><figcaption>Der Schrein auf Stelzen w\u00e4hrend Ebbe <\/figcaption><\/figure>\n\n\n\n<p>Danach bin ich zur\u00fcck zur F\u00e4hre gegangen. Viel fr\u00fcher als urspr\u00fcnglich geplant. Um 14.11 Uhr in Hiroshima in den Shinkansen gestiegen und 4,5 Stunden sp\u00e4ter im 800 Kilometer entfernten Tokyo wieder angekommen.<br>Der Fuji hat sich leider wieder in den Wolken versteckt. Erst als der Zug bereits 60 Kilometer an ihm vorbei war, konnte man die Spitze zwischen den Wolken sehen.<br>Zum Abschluss gab es noch einmal Ramen und danach habe ich zum ersten Mal in meinem Leben eine Kakerlake gesehen, als sie \u00fcber den Gehweg gelaufen ist.<\/p>\n\n\n\n<figure class=\"wp-block-image size-large\"><a href=\"http:\/\/international-mwbk.de\/wp-content\/uploads\/2022\/08\/20220819_181540-scaled.jpg\"><img loading=\"lazy\" decoding=\"async\" width=\"768\" height=\"1024\" src=\"http:\/\/international-mwbk.de\/wp-content\/uploads\/2022\/08\/20220819_181540-768x1024.jpg\" alt=\"\" class=\"wp-image-11062\" srcset=\"https:\/\/international-mwbk.de\/wp-content\/uploads\/2022\/08\/20220819_181540-768x1024.jpg 768w, https:\/\/international-mwbk.de\/wp-content\/uploads\/2022\/08\/20220819_181540-225x300.jpg 225w, https:\/\/international-mwbk.de\/wp-content\/uploads\/2022\/08\/20220819_181540-1152x1536.jpg 1152w, https:\/\/international-mwbk.de\/wp-content\/uploads\/2022\/08\/20220819_181540-1536x2048.jpg 1536w, https:\/\/international-mwbk.de\/wp-content\/uploads\/2022\/08\/20220819_181540-624x832.jpg 624w, https:\/\/international-mwbk.de\/wp-content\/uploads\/2022\/08\/20220819_181540-scaled.jpg 1920w\" sizes=\"(max-width: 768px) 100vw, 768px\" \/><\/a><figcaption>Fujisan aus 60km Entfernung <\/figcaption><\/figure>\n\n\n\n<p>Samstag, 20.08.<br>Morgens um kurz nach sieben aus dem Hotel ausgecheckt, da der Flug bereits um elf ging. Mit dem Zug zum Flughafen, da das Handy per Kurier zur\u00fcck an Tatsuya geschickt und anschlie\u00dfend zum Check-In gelaufen. Wenig sp\u00e4ter durch die Sicherheitskontrolle und dann hie\u00df es warten.<br>Ich habe mal gelesen, dass wir Menschen ein Talent daf\u00fcr haben, immer und \u00fcberall unseren Namen zu erkennen, wenn der gerufen wird. Bei mir hat es am Gate zwei Durchsagen gebraucht, bis ich ihn verstanden habe. Dort wurde mir gesagt, dass irgendwas mit meinem Sitzplatz im Flugzeug ist, weswegen ich in die Business Klasse geschoben wurde. Gebucht wat Premium Economy, weil das zu dem Zeitpunkt g\u00fcnstiger war als Economy. Was soll ich sagen: Der beste, wenn auch mit 14 Stunden l\u00e4ngste, Flug meines Lebens. Man kann den Sitz so weit verstellen, dass man tats\u00e4chlich liegt, hat einen gro\u00dfen Fernseher, den man \u00fcber einen Controller oder per Touch steuern kann, und es gibt ein 3-G\u00e4nge Men\u00fc.<br>Es hat mich sowieso gewundert, dass der Flug f\u00fcr 14:15 Stunden angesetzt war, der Hinflug hat ja nur 11:40 Stunden gedauert. Dann kam die Durchsage, dass wir \u00fcber Alaska und Gr\u00f6nland fliegen w\u00fcrden. Ich habe also gedacht, es geht \u00fcber Amerika zur\u00fcck. Aber nein, es ging \u00fcber den Nordpol. Somit hatte ich leider keine Chance, noch einen Blick auf den Fuji zu werfen. Warum wir diese konische Route genommen haben, wei\u00df ich nicht, die war n\u00e4mlich knapp 3.000 Kilometer l\u00e4nger, als der Weg \u00fcber Asien.<\/p>\n\n\n\n<figure class=\"wp-block-image size-large\"><a href=\"http:\/\/international-mwbk.de\/wp-content\/uploads\/2022\/08\/20220820_204401-scaled.jpg\"><img loading=\"lazy\" decoding=\"async\" width=\"768\" height=\"1024\" src=\"http:\/\/international-mwbk.de\/wp-content\/uploads\/2022\/08\/20220820_204401-768x1024.jpg\" alt=\"\" class=\"wp-image-11064\" srcset=\"https:\/\/international-mwbk.de\/wp-content\/uploads\/2022\/08\/20220820_204401-768x1024.jpg 768w, https:\/\/international-mwbk.de\/wp-content\/uploads\/2022\/08\/20220820_204401-225x300.jpg 225w, https:\/\/international-mwbk.de\/wp-content\/uploads\/2022\/08\/20220820_204401-1152x1536.jpg 1152w, https:\/\/international-mwbk.de\/wp-content\/uploads\/2022\/08\/20220820_204401-1536x2048.jpg 1536w, https:\/\/international-mwbk.de\/wp-content\/uploads\/2022\/08\/20220820_204401-624x832.jpg 624w, https:\/\/international-mwbk.de\/wp-content\/uploads\/2022\/08\/20220820_204401-scaled.jpg 1920w\" sizes=\"(max-width: 768px) 100vw, 768px\" \/><\/a><figcaption>Gr\u00f6nland<\/figcaption><\/figure>\n\n\n\n<p>Wirklich mehr als auf dem Hinflug habe ich auch diesmal leider nicht geschlafen.<br>In Z\u00fcrich angekommen in das Flugzeug nach Frankfurt gestiegen und dort mit einer halben Stunde Versp\u00e4tung um 21:40 Uhr gelandet. Dort den Koffer geholt und den ICE nach Hause genommen. Damit war meine Japanreise dann nun endg\u00fcltig vorbei.<\/p>\n\n\n\n<p>Mein Fazit:<br>Japan ist nicht so verr\u00fcckt, wie man denken mag. In meinen vier Wochen hier habe ich haufenweise Automaten gesehen, aber keinen einzigen, der getragene Unterw\u00e4sche anbietet. Ich habe auch keinen Zug gesehen, der mit Anime Charakteren bedruckt ist. Und auch niemanden, der einen Spritzschutz beim Ramenessen um das Gesicht hat.<br>Die Japaner sind auch nur Menschen. Und das, was \u00fcber sie im Internet zu finden ist, sind nat\u00fcrlich immer die au\u00dfergew\u00f6hnlichen Sachen. Wenn man nach Deutschen sucht, kommen bestimmt auch Bier und Lederhosen.<br>Generell sind die Japaner aber sehr r\u00fccksichtsvoll und super hilfsbereit.<\/p>\n\n\n\n<p>Und hier noch eine Auflistung von Sachen, die ich (nicht) vermissen werde:<\/p>\n\n\n\n<p>Was ich vermissen werde:<\/p>\n\n\n\n<ul><li>kostenloses Wasser in Restaurants. Auch wenn Japan f\u00fcr jemanden wie mich mit empfindlichen Z\u00e4hnen das falsche Land ist, weil alles eiskalt ist<\/li><li>Getr\u00e4nkeautomaten an jeder Ecke. Ohne w\u00fcrde wohl die H\u00e4lfte der Japaner verdursten. Die Automaten zu haben, ist hier aber auch wirklich n\u00f6tig, bei den Temperaturen im Sommer. Denn wenn man das Wasser erst mal eine Weile mit sich rumschleppt, und es gef\u00fchlt 30 Grad hat, ist es auch nur noch ekelhaft. Seit ich Kawasaki verlassen hatte, habe ich mich ausschlie\u00dflich auf diese Weise mit Wasser versorgt.<\/li><li>Die P\u00fcnktlichkeit der Z\u00fcge. Klar, die haben auch mal Versp\u00e4tung, aber im Normalfall sind es unter f\u00fcnf Minuten. Ausfallen tun sie selten. Ja, ich wei\u00df, die Shinkansen haben hier ihre eigenen Gleise und m\u00fcssen sich die nicht mit den anderen Z\u00fcgen teilen, aber irgendwie k\u00f6nnte man das in Deutschland doch auch optimieren. Au\u00dferdem haben die super viel Beinfreiheit. Und da es ein entsprechendes Foto im Internet gibt: er f\u00e4hrt nicht so sanft und glatt, dass eine M\u00fcnze nicht umf\u00e4llt<br>Die Busse in Sendai hatten daf\u00fcr h\u00e4ufig Versp\u00e4tung. Vor allem der Loople. Der hat aber auch quasi jede rote Ampel mitgenommen<\/li><li>die Hilfsbereitschaft der Japaner. Selbst wenn sie kein Englisch sprechen, erkl\u00e4ren sie einem dem Weg so gut es geht oder begleiten einen sogar dahin. Und wenn man erst einmal eine Weile hier ist, dann eignet man sich das an, das genauso zu machen. Als mir eine Frau den Weg erkl\u00e4rt hat, ich sie aber nicht verstanden habe, hat ein Inder, der hier lebt, \u00fcbersetzt und mir gezeigt, wo ich lang muss<\/li><li>Klimaanlagen. Der Retter im Sommer, den es \u00fcberall gibt<\/li><li>kein Trinkgeld geben zu m\u00fcssen. Das machen und ausrechnen zu m\u00fcssen, wie viel man geben muss, nervt mich. In Japan gilt das als Beleidigung<\/li><li>kostenlose, saubere, \u00f6ffentliche Toiletten<\/li><li>Das Essen aus Kunstharz, was in vielen Fenstern der Gesch\u00e4fte steht. Sowas sollte es in Deutschland auch geben.<\/li><li>Wie behindertenfreundlich das ganze Land ist. Durch jede Stadt, die Bahnh\u00f6fe und teilweise auch Einkaufszentren ziehen sich gelbe Hilfslinien f\u00fcr Sehbehinderte, fast \u00fcberall gibt es Aufz\u00fcge und Rampen f\u00fcr Rollstuhlfahrer. Die Toiletten, wo man sein Kind in einen Sitz setzen kann und die Wickeltische in Herrenklos sollte man auch nicht vergessen.<\/li><\/ul>\n\n\n\n<p>Was ich nicht vermissen werde:<\/p>\n\n\n\n<ul><li>Das einlagige Klopapier!!! Selbst wenn ich ein super modernes Klo mit Bidet habe, will ich doch trotzdem nicht durch mein Klopapier durchgucken?! Ich frage mich echt, was die Japaner sich dabei denken<\/li><li>Das Wetter. Es ist zwar meistens echt gutes Wetter, aber ein paar Grad weniger w\u00fcrden auch nicht wehtun. Ich konnte teilweise nicht mal meine Arme auf den Beinen abst\u00fctzen, weil die durch den Schwei\u00df weggerutscht sind. Es hat nicht mal einen wirklichen Unterschied gemacht, ob es wolkig ist, oder nicht. Es ist einfach hei\u00df. Und nachts k\u00fchlt es auch nicht sonderlich ab. W\u00fcrde ich hier leben, h\u00e4tte ich den Sommer wahrscheinlich auch nur drinnen verbracht und mir das nicht angetan. Wer freiwillig rausgeht ist wahnsinnig oder ein Tourist.<\/li><li>Keine \u00f6ffentlichen M\u00fclleimer. Davon gibt es sehr wenige. Es ist \u00fcberall zwar super sauber, weil alle ihren M\u00fcll mit nach Hause nehmen, aber genau das ist auch das nervige daran.<\/li><li>chlorhaltiges Wasser. Daran werde ich mich wohl nie gew\u00f6hnen k\u00f6nnen, wenn Leitungswasser nach Chlor riecht und schmeckt<\/li><li>die &#8222;Verkehrsregeln&#8220;. Wenn es Radwege auf der Stra\u00dfe gibt, fahren die meisten auf dem B\u00fcrgersteig. Wenn es einen Radweg auf dem B\u00fcrgersteig gibt, fahren viele da, wo die Fu\u00dfg\u00e4nger laufen. Da die Japaner nicht klingeln, wird das ist mal eine enge Nummer. H\u00e4ufig laufen die Fu\u00dfg\u00e4nger dann auch auf dem Radweg. Und dann nicht einmal einheitlich alle auf einer Seite. Ich w\u00fcrde mal behaupten, dass man bei uns als Dahinter automatisch auf der rechten Seite des Weges l\u00e4uft &#8211; machen die Japaner nicht. Links, Mitte, Rechts, alles dabei. In Deutschland w\u00fcrde man sie einfach \u00fcberfahren &#8211; die haben auf dem Radweg ja nichts zu suchen. Und die Radfahrer w\u00fcrden bl\u00f6d angemacht werden, wenn sie auf dem Fu\u00dfg\u00e4ngerweg fahren w\u00fcrden<\/li><li>Linksverkehr. Ich bekomme es einfach nicht gebacken zu verstehen, aus welcher Richtung die Autos jetzt kommen, je nachdem auf was f\u00fcr einer Stra\u00dfe ich war. Deswegen bin ich das ein oder andere Mal, fast vor eins gelaufen<\/li><\/ul>\n\n\n\n<p>Und wen interessiert, wie viel mich der ganze Spa\u00df in etwas gekostet hat:<\/p>\n\n\n\n<ul><li>Lebensmittel (Wasser aus Automaten nicht enthalten): 124 \u20ac<\/li><li>Essen gehen: 173 \u20ac<\/li><li>Eintritt: 95 \u20ac<\/li><li>Souvenirs: 165 \u20ac<\/li><li>\u00d6PNV: 86 \u20ac<\/li><li>Hotels: 508 \u20ac<\/li><li>Shinkansen (Tokyo&gt;Fukushima): 74 \u20ac<\/li><li>JR Pass: 265 \u20ac<\/li><li>Flug: 1.837 \u20ac<\/li><li>Kawasaki Wohnung: 942 \u20ac<\/li><li>Sonstiges: 107 \u20ac<\/li><li>abzgl. EU-F\u00f6rderung: 2.178 \u20ac<\/li><li>Summe: 2.198 \u20ac (wahrscheinlich sind es eher um die 2.300 \u20ac)<\/li><\/ul>\n\n\n\n<p>F\u00fcr eine zweite Reise nach Japan, nehme ich mir folgendes vor:<\/p>\n\n\n\n<ul><li>den Fuji besteigen (auch wenn das hei\u00dft, dass ich dann schon wieder im Sommer dahin muss)<\/li><li>Hokkaido erkunden<\/li><\/ul>\n\n\n\n<p>Danke an alle, die mich w\u00e4hrenddessen immer so aufmerksam verfolgt haben.<\/p>\n\n\n\n<p>Ina<\/p>\n","protected":false},"excerpt":{"rendered":"<p>Montag, 15.08.Da ich am Sonntag meinen Koffer nicht aus dem Schlie\u00dffach bekommen habe (der Automat hat das Geld nicht angenommen, also dachte ich, das Personal h\u00e4tte den raus geholt), habe ich das Montagmorgen gemacht. Eine halbe Stunde hat es gedauert, bis das geregelt war. Insgesamt hat es mich 26 Euro gekostet, den Koffer von Donnerstag [&hellip;]<\/p>\n","protected":false},"author":318,"featured_media":0,"comment_status":"open","ping_status":"open","sticky":false,"template":"","format":"standard","meta":{"footnotes":""},"categories":[1],"tags":[65],"_links":{"self":[{"href":"https:\/\/international-mwbk.de\/index.php?rest_route=\/wp\/v2\/posts\/11045"}],"collection":[{"href":"https:\/\/international-mwbk.de\/index.php?rest_route=\/wp\/v2\/posts"}],"about":[{"href":"https:\/\/international-mwbk.de\/index.php?rest_route=\/wp\/v2\/types\/post"}],"author":[{"embeddable":true,"href":"https:\/\/international-mwbk.de\/index.php?rest_route=\/wp\/v2\/users\/318"}],"replies":[{"embeddable":true,"href":"https:\/\/international-mwbk.de\/index.php?rest_route=%2Fwp%2Fv2%2Fcomments&post=11045"}],"version-history":[{"count":1,"href":"https:\/\/international-mwbk.de\/index.php?rest_route=\/wp\/v2\/posts\/11045\/revisions"}],"predecessor-version":[{"id":11065,"href":"https:\/\/international-mwbk.de\/index.php?rest_route=\/wp\/v2\/posts\/11045\/revisions\/11065"}],"wp:attachment":[{"href":"https:\/\/international-mwbk.de\/index.php?rest_route=%2Fwp%2Fv2%2Fmedia&parent=11045"}],"wp:term":[{"taxonomy":"category","embeddable":true,"href":"https:\/\/international-mwbk.de\/index.php?rest_route=%2Fwp%2Fv2%2Fcategories&post=11045"},{"taxonomy":"post_tag","embeddable":true,"href":"https:\/\/international-mwbk.de\/index.php?rest_route=%2Fwp%2Fv2%2Ftags&post=11045"}],"curies":[{"name":"wp","href":"https:\/\/api.w.org\/{rel}","templated":true}]}}