{"id":10864,"date":"2022-07-26T12:38:35","date_gmt":"2022-07-26T10:38:35","guid":{"rendered":"http:\/\/international-mwbk.de\/?p=10864"},"modified":"2023-03-01T14:09:00","modified_gmt":"2023-03-01T12:09:00","slug":"woche-acht","status":"publish","type":"post","link":"https:\/\/international-mwbk.de\/?p=10864","title":{"rendered":"Woche 8"},"content":{"rendered":"\n<figure class=\"wp-block-image size-large\"><a href=\"http:\/\/international-mwbk.de\/wp-content\/uploads\/2022\/07\/R-2-scaled.jpg\"><img fetchpriority=\"high\" decoding=\"async\" width=\"1024\" height=\"683\" src=\"http:\/\/international-mwbk.de\/wp-content\/uploads\/2022\/07\/R-2-1024x683.jpg\" alt=\"\" class=\"wp-image-10866\" srcset=\"https:\/\/international-mwbk.de\/wp-content\/uploads\/2022\/07\/R-2-1024x683.jpg 1024w, https:\/\/international-mwbk.de\/wp-content\/uploads\/2022\/07\/R-2-300x200.jpg 300w, https:\/\/international-mwbk.de\/wp-content\/uploads\/2022\/07\/R-2-768x512.jpg 768w, https:\/\/international-mwbk.de\/wp-content\/uploads\/2022\/07\/R-2-1536x1024.jpg 1536w, https:\/\/international-mwbk.de\/wp-content\/uploads\/2022\/07\/R-2-2048x1365.jpg 2048w, https:\/\/international-mwbk.de\/wp-content\/uploads\/2022\/07\/R-2-624x416.jpg 624w\" sizes=\"(max-width: 1024px) 100vw, 1024px\" \/><\/a><\/figure>\n\n\n\n<p>Hallo zusammen, so langsam beginnt der Countdown, jetzt sind es nur noch drei Wochen, die ich hier in Barcelona verbringen werde. Die Zeit vergeht echt verdammt schnell. Aber wollen wir mal nichts \u00fcberst\u00fcrzen. Ich werde so viel es geht aus den drei Wochen rausholen. So, und nun zur vergangenen Woche. Am Dienstag habe ich zum ersten mal an einem Fu\u00dfballspiel der Firmeninternen Fu\u00dfballiga teilgenommen. Endstand 4:4. Das Spiel fand Drau\u00dfen und bei 33 Grad statt. Ich glaube ich habe in meinem Leben noch nie so viel geschwitzt. Davon abgesehen fand am Donnerstag eine Infoveranstaltung f\u00fcr alle Mitarbeiter statt. Im Rahmen dieser Infoveranstaltung wurden die aktuellen Zahlen des bisher gelaufenen Gesch\u00e4ftsjahr und neue Projekte\/Produkte vorgestellt. Au\u00dferdem wurde den Mitarbeitern die Gelegenheit geboten Fragen an die Chefetage zu stellen. Ich muss sagen, dass ich das ein gutes Vorgehen finde, die Mitarbeiter so auf dem Laufenden zu halten und \u00fcber die aktuelle Unternehmenssituation zu informieren, zumindest h\u00e4lt man die Mitarbeiter so informiert und motiviert. In Verbindung mit dieser Info-Veranstaltung kamen letzte Woche einige Deutsche aus der Chefetage zu Besuch, was naheliegend ist, da Giesecke &amp; Devrient ein deutsches Unternehmen ist. Mir viel der deutsche Besuch das erste Mal in der Kantine auf, als ich mich auf einmal gewundert habe, warum ich zum ersten Mal, seit ich hier bin, das Gespr\u00e4ch von anderen Mitarbeitern verstehen konnte (Spanisch verstehe ich n\u00e4mlich nicht) und dann wurde mir pl\u00f6tzlich bewusst, dass Sie Deutsch sprachen.<\/p>\n\n\n\n<p>Die Temperaturen hier haben sich \u00fcbrigens nochmal erh\u00f6ht. Bei uns in der Wohnung laufen mehr oder wenige 24\/7 die Ventilatoren, da die Temperatur drinnen sich gut und gerne bei durchschnittlichen 31 Grad befindet. Drau\u00dfen und vor allem in der Sonne ist es nat\u00fcrlich nochmal ein ganzes St\u00fcck w\u00e4rmer. Die Str\u00e4nde sind daher (vor allem am Wochenende) komplett \u00fcberlaufen und das Wasser, was in den ersten Wochen meines Aufenthalts noch gut kalt war, wird w\u00e4rmer und w\u00e4rmer. Aktuell ist, was die Temperaturen anbelangt, aber auch einfach keine Ver\u00e4nderung\/Besserung in Sicht. Bleibt also abzuwarten, ob und wann es mal wieder etwas abk\u00fchlt.<\/p>\n\n\n\n<p>In diesem Sinne, bis n\u00e4chste Woche und ich hoffe, dass zumindest in Deutschland die Temperaturen bald mal wieder aushaltbar\/angenehmer sind.<\/p>\n\n\n\n<p><\/p>\n\n\n\n<p><\/p>\n\n\n\n<p><\/p>\n\n\n\n<p><\/p>\n\n\n\n<p><\/p>\n\n\n\n<p><\/p>\n\n\n\n<p><\/p>\n\n\n\n<p><\/p>\n\n\n\n<p><\/p>\n","protected":false},"excerpt":{"rendered":"<p>Hallo zusammen, so langsam beginnt der Countdown, jetzt sind es nur noch drei Wochen, die ich hier in Barcelona verbringen werde. Die Zeit vergeht echt verdammt schnell. Aber wollen wir mal nichts \u00fcberst\u00fcrzen. Ich werde so viel es geht aus den drei Wochen rausholen. So, und nun zur vergangenen Woche. Am Dienstag habe ich zum [&hellip;]<\/p>\n","protected":false},"author":312,"featured_media":0,"comment_status":"open","ping_status":"open","sticky":false,"template":"","format":"standard","meta":{"footnotes":""},"categories":[1],"tags":[62],"_links":{"self":[{"href":"https:\/\/international-mwbk.de\/index.php?rest_route=\/wp\/v2\/posts\/10864"}],"collection":[{"href":"https:\/\/international-mwbk.de\/index.php?rest_route=\/wp\/v2\/posts"}],"about":[{"href":"https:\/\/international-mwbk.de\/index.php?rest_route=\/wp\/v2\/types\/post"}],"author":[{"embeddable":true,"href":"https:\/\/international-mwbk.de\/index.php?rest_route=\/wp\/v2\/users\/312"}],"replies":[{"embeddable":true,"href":"https:\/\/international-mwbk.de\/index.php?rest_route=%2Fwp%2Fv2%2Fcomments&post=10864"}],"version-history":[{"count":3,"href":"https:\/\/international-mwbk.de\/index.php?rest_route=\/wp\/v2\/posts\/10864\/revisions"}],"predecessor-version":[{"id":10953,"href":"https:\/\/international-mwbk.de\/index.php?rest_route=\/wp\/v2\/posts\/10864\/revisions\/10953"}],"wp:attachment":[{"href":"https:\/\/international-mwbk.de\/index.php?rest_route=%2Fwp%2Fv2%2Fmedia&parent=10864"}],"wp:term":[{"taxonomy":"category","embeddable":true,"href":"https:\/\/international-mwbk.de\/index.php?rest_route=%2Fwp%2Fv2%2Fcategories&post=10864"},{"taxonomy":"post_tag","embeddable":true,"href":"https:\/\/international-mwbk.de\/index.php?rest_route=%2Fwp%2Fv2%2Ftags&post=10864"}],"curies":[{"name":"wp","href":"https:\/\/api.w.org\/{rel}","templated":true}]}}