{"id":10627,"date":"2022-06-05T17:43:56","date_gmt":"2022-06-05T15:43:56","guid":{"rendered":"http:\/\/international-mwbk.de\/?p=10627"},"modified":"2023-03-01T14:06:25","modified_gmt":"2023-03-01T12:06:25","slug":"willkommen-in-barcelona","status":"publish","type":"post","link":"https:\/\/international-mwbk.de\/?p=10627","title":{"rendered":"Woche 1: Willkommen in Barcelona"},"content":{"rendered":"\n<figure class=\"wp-block-image size-large\"><a href=\"http:\/\/international-mwbk.de\/wp-content\/uploads\/2022\/06\/7ADBE035-B669-4E03-8927-18CFD14961E3-scaled.jpeg\"><img fetchpriority=\"high\" decoding=\"async\" width=\"1024\" height=\"682\" src=\"http:\/\/international-mwbk.de\/wp-content\/uploads\/2022\/06\/7ADBE035-B669-4E03-8927-18CFD14961E3-1024x682.jpeg\" alt=\"\" class=\"wp-image-10628\" srcset=\"https:\/\/international-mwbk.de\/wp-content\/uploads\/2022\/06\/7ADBE035-B669-4E03-8927-18CFD14961E3-1024x682.jpeg 1024w, https:\/\/international-mwbk.de\/wp-content\/uploads\/2022\/06\/7ADBE035-B669-4E03-8927-18CFD14961E3-300x200.jpeg 300w, https:\/\/international-mwbk.de\/wp-content\/uploads\/2022\/06\/7ADBE035-B669-4E03-8927-18CFD14961E3-768x512.jpeg 768w, https:\/\/international-mwbk.de\/wp-content\/uploads\/2022\/06\/7ADBE035-B669-4E03-8927-18CFD14961E3-1536x1023.jpeg 1536w, https:\/\/international-mwbk.de\/wp-content\/uploads\/2022\/06\/7ADBE035-B669-4E03-8927-18CFD14961E3-2048x1364.jpeg 2048w, https:\/\/international-mwbk.de\/wp-content\/uploads\/2022\/06\/7ADBE035-B669-4E03-8927-18CFD14961E3-624x416.jpeg 624w\" sizes=\"(max-width: 1024px) 100vw, 1024px\" \/><\/a><\/figure>\n\n\n<p>Hallo Zusammen,<\/p>\n<p>ich melde mich aus dem sonnigen Barcelona, was f\u00fcr die n\u00e4chsten zweieinhalb Monate mein zu Hause sein wird. Aber bevor ich anfange von meinen Erlebnissen zu berichten erstmal etwas zu meiner Person: ich bin Noah, 20 Jahre alt und habe im Januar diesen Jahres erfolgreich meine Ausbildung zum Industriekaufmann beendet und war seitdem als Eink\u00e4ufer f\u00fcr meinen (ehemaligen) Ausbildungsbetrieb, die Teekanne GmbH &amp; Co. KG t\u00e4tig.&nbsp;<\/p>\n<p>&#8211; Wie kam ich auf die Idee ein Praktikum in Barcelona zu machen? &#8211;<br>Seit wir in der Schule von der M\u00f6glichkeit eines Erasmus gef\u00f6rderten Praktikums erfuhren war ich von der Idee eines solchen Auslandaufenthalts begeistert, nur wusste ich anfangs noch nicht wohin die Reise gehen sollte. Meine Wahl fiel schlie\u00dflich auf Barcelona, da ich im September anfangen werde International Business Management an der Fontys in Venlo zu studieren. Da dieser Studiengang rein auf englisch stattfindet und ich im Rahmen des Studiums Spanisch als Zweitsprache lernen werde, wollte ich die Chance nutzen, erstens mein Englisch auf Vordermann zu bringen und mir zweitens schonmal ein paar Spanisch-Grundkenntnisse anzueignen (Stand jetzt spreche ich n\u00e4mlich kein bisschen Spanisch).<\/p>\n<p>So kam es, dass ich mich am 30.05 im Flieger auf dem Weg nach Barcelona befand und hier nun vom 01.06. bis zum 14.08 mein Praktikum absolvieren werde.<\/p>\n<p>&#8211; Meine ersten Eindr\u00fccke &#8211;<br>Sonne, Sonne, Sonne, bisher habe ich noch nicht einen Tropfen Regen abbekommen (das kann auch gerne so bleiben). Generell bin ich einfach nur begeistert von der Stadt. Es ist mein erstes Mal in Barcelona und es war definitiv die Richtige Entscheidung hierhin zu kommen. Ich habe die ersten Tage, neben der Arbeit genutzt, um mir schonmal einen guten \u00dcberblick \u00fcber die Stadt zu verschaffen und sie hat echt eine Menge zu bieten (den Strand, die vielen Bars und Restaurants, die Umliegende Umgebung, gef\u00fchlt an jeder Ecke etwas von Gaudi \ud83d\ude09 und vieles vieles mehr).&nbsp;<\/p>\n<p>Meine Unterkunft ist zum Gl\u00fcck super zentral und nur zwei Querstra\u00dfen von der Sagrada Familia entfernt, somit habe ich diese Sehensw\u00fcrdigkeit direkt am ersten Tag entdecken d\u00fcrfen. Alles Weitere und auch der Weg zur Arbeit l\u00e4sst sich ganz einfach mit der Metro bew\u00e4ltigen.<br>Ich bin in eine WG mit vier Mitbewohnern gezogen (alles Studenten in meinem Alter), was die Ankunft und Orientierung deutlich leichter gemacht hat.<\/p>\n<p>Alles in allem freue ich mich einfach auf die kommende Zeit hier und werde Euch nat\u00fcrlich auf dem laufenden halten \ud83d\ude42&nbsp;<\/p>\n<p><\/p>\n\n\n<p><\/p>\n","protected":false},"excerpt":{"rendered":"<p>Hallo Zusammen, ich melde mich aus dem sonnigen Barcelona, was f\u00fcr die n\u00e4chsten zweieinhalb Monate mein zu Hause sein wird. Aber bevor ich anfange von meinen Erlebnissen zu berichten erstmal etwas zu meiner Person: ich bin Noah, 20 Jahre alt und habe im Januar diesen Jahres erfolgreich meine Ausbildung zum Industriekaufmann beendet und war seitdem [&hellip;]<\/p>\n","protected":false},"author":312,"featured_media":0,"comment_status":"open","ping_status":"open","sticky":false,"template":"","format":"standard","meta":{"footnotes":""},"categories":[1],"tags":[62],"_links":{"self":[{"href":"https:\/\/international-mwbk.de\/index.php?rest_route=\/wp\/v2\/posts\/10627"}],"collection":[{"href":"https:\/\/international-mwbk.de\/index.php?rest_route=\/wp\/v2\/posts"}],"about":[{"href":"https:\/\/international-mwbk.de\/index.php?rest_route=\/wp\/v2\/types\/post"}],"author":[{"embeddable":true,"href":"https:\/\/international-mwbk.de\/index.php?rest_route=\/wp\/v2\/users\/312"}],"replies":[{"embeddable":true,"href":"https:\/\/international-mwbk.de\/index.php?rest_route=%2Fwp%2Fv2%2Fcomments&post=10627"}],"version-history":[{"count":2,"href":"https:\/\/international-mwbk.de\/index.php?rest_route=\/wp\/v2\/posts\/10627\/revisions"}],"predecessor-version":[{"id":10952,"href":"https:\/\/international-mwbk.de\/index.php?rest_route=\/wp\/v2\/posts\/10627\/revisions\/10952"}],"wp:attachment":[{"href":"https:\/\/international-mwbk.de\/index.php?rest_route=%2Fwp%2Fv2%2Fmedia&parent=10627"}],"wp:term":[{"taxonomy":"category","embeddable":true,"href":"https:\/\/international-mwbk.de\/index.php?rest_route=%2Fwp%2Fv2%2Fcategories&post=10627"},{"taxonomy":"post_tag","embeddable":true,"href":"https:\/\/international-mwbk.de\/index.php?rest_route=%2Fwp%2Fv2%2Ftags&post=10627"}],"curies":[{"name":"wp","href":"https:\/\/api.w.org\/{rel}","templated":true}]}}